{"id":1817,"date":"2026-03-06T15:58:21","date_gmt":"2026-03-06T15:58:21","guid":{"rendered":"https:\/\/infoans.demoboscosoft.com\/?p=1817"},"modified":"2026-03-06T15:58:25","modified_gmt":"2026-03-06T15:58:25","slug":"community-celebration-marks-important-milestone-in-the-history-of-salesian-mission-2","status":"publish","type":"post","link":"https:\/\/infoans.demoboscosoft.com\/fr\/community-celebration-marks-important-milestone-in-the-history-of-salesian-mission-2\/","title":{"rendered":"Community Celebration Marks Important Milestone in the History of Salesian Mission"},"content":{"rendered":"\n<p>The <strong>InfoANS<\/strong> website is an international news platform that shares updates and information about the activities of the Salesian community around the world. It mainly focuses on news related to the mission and works inspired by <strong>Don Bosco<\/strong>, especially in the areas of youth development, education, and social service. The website publishes articles about educational initiatives, missionary activities, cultural programs, and events organized by Salesian institutions in different countries. Through these updates, the platform highlights how the Salesian mission continues to support young people and communities in need.<\/p>\n\n\n\n<p>The site also covers important events related to the Catholic Church, including celebrations, meetings, and international gatherings of the Salesian family. Many of the articles emphasize the importance of education, faith formation, and social responsibility in building a better society. InfoANS serves as a reliable source for people who want to stay informed about the work of Salesians in schools, training centers, parishes, and youth organizations. The platform promotes values such as compassion, service, leadership, and community development.<\/p>\n\n\n\n<p>By sharing inspiring stories, achievements, and initiatives from different parts of the world, the website connects the global Salesian network and encourages collaboration among its members. It also helps readers understand how various programs and projects positively impact young people\u2019s lives. Overall, the InfoANS website acts as a bridge that brings together news, mission activities, and community efforts related to the Salesian movement across the globe.<\/p>\n","protected":false},"excerpt":{"rendered":"<p>The event brought together religious leaders, educators, and young people in gratitude and celebration.<\/p>\n","protected":false},"author":1,"featured_media":1199,"comment_status":"open","ping_status":"open","sticky":false,"template":"","format":"standard","meta":{"_angie_page":false,"site-sidebar-layout":"default","site-content-layout":"","ast-site-content-layout":"default","site-content-style":"default","site-sidebar-style":"default","ast-global-header-display":"","ast-banner-title-visibility":"","ast-main-header-display":"","ast-hfb-above-header-display":"","ast-hfb-below-header-display":"","ast-hfb-mobile-header-display":"","site-post-title":"","ast-breadcrumbs-content":"","ast-featured-img":"","footer-sml-layout":"","ast-disable-related-posts":"","theme-transparent-header-meta":"","adv-header-id-meta":"","stick-header-meta":"","header-above-stick-meta":"","header-main-stick-meta":"","header-below-stick-meta":"","astra-migrate-meta-layouts":"default","ast-page-background-enabled":"default","ast-page-background-meta":{"desktop":{"background-color":"var(--ast-global-color-5)","background-image":"","background-repeat":"repeat","background-position":"center center","background-size":"auto","background-attachment":"scroll","background-type":"","background-media":"","overlay-type":"","overlay-color":"","overlay-opacity":"","overlay-gradient":""},"tablet":{"background-color":"","background-image":"","background-repeat":"repeat","background-position":"center center","background-size":"auto","background-attachment":"scroll","background-type":"","background-media":"","overlay-type":"","overlay-color":"","overlay-opacity":"","overlay-gradient":""},"mobile":{"background-color":"","background-image":"","background-repeat":"repeat","background-position":"center center","background-size":"auto","background-attachment":"scroll","background-type":"","background-media":"","overlay-type":"","overlay-color":"","overlay-opacity":"","overlay-gradient":""}},"ast-content-background-meta":{"desktop":{"background-color":"var(--ast-global-color-4)","background-image":"","background-repeat":"repeat","background-position":"center center","background-size":"auto","background-attachment":"scroll","background-type":"","background-media":"","overlay-type":"","overlay-color":"","overlay-opacity":"","overlay-gradient":""},"tablet":{"background-color":"var(--ast-global-color-4)","background-image":"","background-repeat":"repeat","background-position":"center center","background-size":"auto","background-attachment":"scroll","background-type":"","background-media":"","overlay-type":"","overlay-color":"","overlay-opacity":"","overlay-gradient":""},"mobile":{"background-color":"var(--ast-global-color-4)","background-image":"","background-repeat":"repeat","background-position":"center center","background-size":"auto","background-attachment":"scroll","background-type":"","background-media":"","overlay-type":"","overlay-color":"","overlay-opacity":"","overlay-gradient":""}},"page_builder":"","footnotes":""},"categories":[17],"tags":[76,74],"class_list":["post-1817","post","type-post","status-publish","format-standard","has-post-thumbnail","hentry","category-rector-major","tag-catholic-church-news","tag-salesian-news"],"yoast_head":"<!-- This site is optimized with the Yoast SEO plugin v27.1.1 - https:\/\/yoast.com\/product\/yoast-seo-wordpress\/ -->\n<title>Community Celebration Marks Important Milestone in the History of Salesian Mission - ANS - Agenzia iNfo Salesiana<\/title>\n<meta name=\"robots\" content=\"index, follow, max-snippet:-1, max-image-preview:large, max-video-preview:-1\" \/>\n<link rel=\"canonical\" href=\"https:\/\/infoans.demoboscosoft.com\/fr\/community-celebration-marks-important-milestone-in-the-history-of-salesian-mission-2\/\" \/>\n<meta property=\"og:locale\" content=\"fr_FR\" \/>\n<meta property=\"og:type\" content=\"article\" \/>\n<meta property=\"og:title\" content=\"Community Celebration Marks Important Milestone in the History of Salesian Mission - ANS - Agenzia iNfo Salesiana\" \/>\n<meta property=\"og:description\" content=\"The event brought together religious leaders, educators, and young people in gratitude and celebration.\" \/>\n<meta property=\"og:url\" content=\"https:\/\/infoans.demoboscosoft.com\/fr\/community-celebration-marks-important-milestone-in-the-history-of-salesian-mission-2\/\" \/>\n<meta property=\"og:site_name\" content=\"ANS - Agenzia iNfo Salesiana\" \/>\n<meta property=\"article:published_time\" content=\"2026-03-06T15:58:21+00:00\" \/>\n<meta property=\"article:modified_time\" content=\"2026-03-06T15:58:25+00:00\" \/>\n<meta property=\"og:image\" content=\"https:\/\/infoans.demoboscosoft.com\/wp-content\/uploads\/2026\/03\/7aae176d6f5cedd07da74423b718ece6.jpg\" \/>\n\t<meta property=\"og:image:width\" content=\"467\" \/>\n\t<meta property=\"og:image:height\" content=\"467\" \/>\n\t<meta property=\"og:image:type\" content=\"image\/jpeg\" \/>\n<meta name=\"author\" content=\"root\" \/>\n<meta name=\"twitter:card\" content=\"summary_large_image\" \/>\n<meta name=\"twitter:label1\" content=\"\u00c9crit par\" \/>\n\t<meta name=\"twitter:data1\" content=\"root\" \/>\n\t<meta name=\"twitter:label2\" content=\"Dur\u00e9e de lecture estim\u00e9e\" \/>\n\t<meta name=\"twitter:data2\" content=\"2 minutes\" \/>\n<script type=\"application\/ld+json\" class=\"yoast-schema-graph\">{\"@context\":\"https:\/\/schema.org\",\"@graph\":[{\"@type\":\"Article\",\"@id\":\"https:\/\/infoans.demoboscosoft.com\/fr\/community-celebration-marks-important-milestone-in-the-history-of-salesian-mission-2\/#article\",\"isPartOf\":{\"@id\":\"https:\/\/infoans.demoboscosoft.com\/fr\/community-celebration-marks-important-milestone-in-the-history-of-salesian-mission-2\/\"},\"author\":{\"name\":\"root\",\"@id\":\"https:\/\/infoans.demoboscosoft.com\/fr\/#\/schema\/person\/ab88318d0212baf9f68ffd9f1d679c04\"},\"headline\":\"Community Celebration Marks Important Milestone in the History of Salesian Mission\",\"datePublished\":\"2026-03-06T15:58:21+00:00\",\"dateModified\":\"2026-03-06T15:58:25+00:00\",\"mainEntityOfPage\":{\"@id\":\"https:\/\/infoans.demoboscosoft.com\/fr\/community-celebration-marks-important-milestone-in-the-history-of-salesian-mission-2\/\"},\"wordCount\":244,\"commentCount\":0,\"image\":{\"@id\":\"https:\/\/infoans.demoboscosoft.com\/fr\/community-celebration-marks-important-milestone-in-the-history-of-salesian-mission-2\/#primaryimage\"},\"thumbnailUrl\":\"https:\/\/infoans.demoboscosoft.com\/wp-content\/uploads\/2026\/03\/7aae176d6f5cedd07da74423b718ece6.jpg\",\"keywords\":[\"Catholic Church News\",\"Salesian News\"],\"articleSection\":[\"Rector Major\"],\"inLanguage\":\"fr-FR\",\"potentialAction\":[{\"@type\":\"CommentAction\",\"name\":\"Comment\",\"target\":[\"https:\/\/infoans.demoboscosoft.com\/fr\/community-celebration-marks-important-milestone-in-the-history-of-salesian-mission-2\/#respond\"]}]},{\"@type\":\"WebPage\",\"@id\":\"https:\/\/infoans.demoboscosoft.com\/fr\/community-celebration-marks-important-milestone-in-the-history-of-salesian-mission-2\/\",\"url\":\"https:\/\/infoans.demoboscosoft.com\/fr\/community-celebration-marks-important-milestone-in-the-history-of-salesian-mission-2\/\",\"name\":\"Community Celebration Marks Important Milestone in the History of Salesian Mission - ANS - Agenzia iNfo Salesiana\",\"isPartOf\":{\"@id\":\"https:\/\/infoans.demoboscosoft.com\/fr\/#website\"},\"primaryImageOfPage\":{\"@id\":\"https:\/\/infoans.demoboscosoft.com\/fr\/community-celebration-marks-important-milestone-in-the-history-of-salesian-mission-2\/#primaryimage\"},\"image\":{\"@id\":\"https:\/\/infoans.demoboscosoft.com\/fr\/community-celebration-marks-important-milestone-in-the-history-of-salesian-mission-2\/#primaryimage\"},\"thumbnailUrl\":\"https:\/\/infoans.demoboscosoft.com\/wp-content\/uploads\/2026\/03\/7aae176d6f5cedd07da74423b718ece6.jpg\",\"datePublished\":\"2026-03-06T15:58:21+00:00\",\"dateModified\":\"2026-03-06T15:58:25+00:00\",\"author\":{\"@id\":\"https:\/\/infoans.demoboscosoft.com\/fr\/#\/schema\/person\/ab88318d0212baf9f68ffd9f1d679c04\"},\"breadcrumb\":{\"@id\":\"https:\/\/infoans.demoboscosoft.com\/fr\/community-celebration-marks-important-milestone-in-the-history-of-salesian-mission-2\/#breadcrumb\"},\"inLanguage\":\"fr-FR\",\"potentialAction\":[{\"@type\":\"ReadAction\",\"target\":[\"https:\/\/infoans.demoboscosoft.com\/fr\/community-celebration-marks-important-milestone-in-the-history-of-salesian-mission-2\/\"]}]},{\"@type\":\"ImageObject\",\"inLanguage\":\"fr-FR\",\"@id\":\"https:\/\/infoans.demoboscosoft.com\/fr\/community-celebration-marks-important-milestone-in-the-history-of-salesian-mission-2\/#primaryimage\",\"url\":\"https:\/\/infoans.demoboscosoft.com\/wp-content\/uploads\/2026\/03\/7aae176d6f5cedd07da74423b718ece6.jpg\",\"contentUrl\":\"https:\/\/infoans.demoboscosoft.com\/wp-content\/uploads\/2026\/03\/7aae176d6f5cedd07da74423b718ece6.jpg\",\"width\":467,\"height\":467},{\"@type\":\"BreadcrumbList\",\"@id\":\"https:\/\/infoans.demoboscosoft.com\/fr\/community-celebration-marks-important-milestone-in-the-history-of-salesian-mission-2\/#breadcrumb\",\"itemListElement\":[{\"@type\":\"ListItem\",\"position\":1,\"name\":\"Home\",\"item\":\"https:\/\/infoans.demoboscosoft.com\/fr\/\"},{\"@type\":\"ListItem\",\"position\":2,\"name\":\"Salesians\",\"item\":\"https:\/\/infoans.demoboscosoft.com\/fr\/category\/salesians\/\"},{\"@type\":\"ListItem\",\"position\":3,\"name\":\"Rector Major\",\"item\":\"https:\/\/infoans.demoboscosoft.com\/fr\/category\/salesians\/rector-major\/\"},{\"@type\":\"ListItem\",\"position\":4,\"name\":\"Community Celebration Marks Important Milestone in the History of Salesian Mission\"}]},{\"@type\":\"WebSite\",\"@id\":\"https:\/\/infoans.demoboscosoft.com\/fr\/#website\",\"url\":\"https:\/\/infoans.demoboscosoft.com\/fr\/\",\"name\":\"ANS - Agenzia iNfo Salesiana\",\"description\":\"\",\"potentialAction\":[{\"@type\":\"SearchAction\",\"target\":{\"@type\":\"EntryPoint\",\"urlTemplate\":\"https:\/\/infoans.demoboscosoft.com\/fr\/?s={search_term_string}\"},\"query-input\":{\"@type\":\"PropertyValueSpecification\",\"valueRequired\":true,\"valueName\":\"search_term_string\"}}],\"inLanguage\":\"fr-FR\"},{\"@type\":\"Person\",\"@id\":\"https:\/\/infoans.demoboscosoft.com\/fr\/#\/schema\/person\/ab88318d0212baf9f68ffd9f1d679c04\",\"name\":\"root\",\"image\":{\"@type\":\"ImageObject\",\"inLanguage\":\"fr-FR\",\"@id\":\"https:\/\/infoans.demoboscosoft.com\/fr\/#\/schema\/person\/image\/\",\"url\":\"https:\/\/secure.gravatar.com\/avatar\/8df31f9371321641284d378aeb586d5fc658f6ef976788c88ebe945f176d8c65?s=96&d=mm&r=g\",\"contentUrl\":\"https:\/\/secure.gravatar.com\/avatar\/8df31f9371321641284d378aeb586d5fc658f6ef976788c88ebe945f176d8c65?s=96&d=mm&r=g\",\"caption\":\"root\"},\"sameAs\":[\"https:\/\/infoans.demoboscosoft.com\"],\"url\":\"https:\/\/infoans.demoboscosoft.com\/fr\/author\/root\/\"}]}<\/script>\n<!-- \/ Yoast SEO plugin. -->","yoast_head_json":{"title":"Community Celebration Marks Important Milestone in the History of Salesian Mission - ANS - Agenzia iNfo Salesiana","robots":{"index":"index","follow":"follow","max-snippet":"max-snippet:-1","max-image-preview":"max-image-preview:large","max-video-preview":"max-video-preview:-1"},"canonical":"https:\/\/infoans.demoboscosoft.com\/fr\/community-celebration-marks-important-milestone-in-the-history-of-salesian-mission-2\/","og_locale":"fr_FR","og_type":"article","og_title":"Community Celebration Marks Important Milestone in the History of Salesian Mission - ANS - Agenzia iNfo Salesiana","og_description":"The event brought together religious leaders, educators, and young people in gratitude and celebration.","og_url":"https:\/\/infoans.demoboscosoft.com\/fr\/community-celebration-marks-important-milestone-in-the-history-of-salesian-mission-2\/","og_site_name":"ANS - Agenzia iNfo Salesiana","article_published_time":"2026-03-06T15:58:21+00:00","article_modified_time":"2026-03-06T15:58:25+00:00","og_image":[{"width":467,"height":467,"url":"https:\/\/infoans.demoboscosoft.com\/wp-content\/uploads\/2026\/03\/7aae176d6f5cedd07da74423b718ece6.jpg","type":"image\/jpeg"}],"author":"root","twitter_card":"summary_large_image","twitter_misc":{"\u00c9crit par":"root","Dur\u00e9e de lecture estim\u00e9e":"2 minutes"},"schema":{"@context":"https:\/\/schema.org","@graph":[{"@type":"Article","@id":"https:\/\/infoans.demoboscosoft.com\/fr\/community-celebration-marks-important-milestone-in-the-history-of-salesian-mission-2\/#article","isPartOf":{"@id":"https:\/\/infoans.demoboscosoft.com\/fr\/community-celebration-marks-important-milestone-in-the-history-of-salesian-mission-2\/"},"author":{"name":"root","@id":"https:\/\/infoans.demoboscosoft.com\/fr\/#\/schema\/person\/ab88318d0212baf9f68ffd9f1d679c04"},"headline":"Community Celebration Marks Important Milestone in the History of Salesian Mission","datePublished":"2026-03-06T15:58:21+00:00","dateModified":"2026-03-06T15:58:25+00:00","mainEntityOfPage":{"@id":"https:\/\/infoans.demoboscosoft.com\/fr\/community-celebration-marks-important-milestone-in-the-history-of-salesian-mission-2\/"},"wordCount":244,"commentCount":0,"image":{"@id":"https:\/\/infoans.demoboscosoft.com\/fr\/community-celebration-marks-important-milestone-in-the-history-of-salesian-mission-2\/#primaryimage"},"thumbnailUrl":"https:\/\/infoans.demoboscosoft.com\/wp-content\/uploads\/2026\/03\/7aae176d6f5cedd07da74423b718ece6.jpg","keywords":["Catholic Church News","Salesian News"],"articleSection":["Rector Major"],"inLanguage":"fr-FR","potentialAction":[{"@type":"CommentAction","name":"Comment","target":["https:\/\/infoans.demoboscosoft.com\/fr\/community-celebration-marks-important-milestone-in-the-history-of-salesian-mission-2\/#respond"]}]},{"@type":"WebPage","@id":"https:\/\/infoans.demoboscosoft.com\/fr\/community-celebration-marks-important-milestone-in-the-history-of-salesian-mission-2\/","url":"https:\/\/infoans.demoboscosoft.com\/fr\/community-celebration-marks-important-milestone-in-the-history-of-salesian-mission-2\/","name":"Community Celebration Marks Important Milestone in the History of Salesian Mission - ANS - Agenzia iNfo Salesiana","isPartOf":{"@id":"https:\/\/infoans.demoboscosoft.com\/fr\/#website"},"primaryImageOfPage":{"@id":"https:\/\/infoans.demoboscosoft.com\/fr\/community-celebration-marks-important-milestone-in-the-history-of-salesian-mission-2\/#primaryimage"},"image":{"@id":"https:\/\/infoans.demoboscosoft.com\/fr\/community-celebration-marks-important-milestone-in-the-history-of-salesian-mission-2\/#primaryimage"},"thumbnailUrl":"https:\/\/infoans.demoboscosoft.com\/wp-content\/uploads\/2026\/03\/7aae176d6f5cedd07da74423b718ece6.jpg","datePublished":"2026-03-06T15:58:21+00:00","dateModified":"2026-03-06T15:58:25+00:00","author":{"@id":"https:\/\/infoans.demoboscosoft.com\/fr\/#\/schema\/person\/ab88318d0212baf9f68ffd9f1d679c04"},"breadcrumb":{"@id":"https:\/\/infoans.demoboscosoft.com\/fr\/community-celebration-marks-important-milestone-in-the-history-of-salesian-mission-2\/#breadcrumb"},"inLanguage":"fr-FR","potentialAction":[{"@type":"ReadAction","target":["https:\/\/infoans.demoboscosoft.com\/fr\/community-celebration-marks-important-milestone-in-the-history-of-salesian-mission-2\/"]}]},{"@type":"ImageObject","inLanguage":"fr-FR","@id":"https:\/\/infoans.demoboscosoft.com\/fr\/community-celebration-marks-important-milestone-in-the-history-of-salesian-mission-2\/#primaryimage","url":"https:\/\/infoans.demoboscosoft.com\/wp-content\/uploads\/2026\/03\/7aae176d6f5cedd07da74423b718ece6.jpg","contentUrl":"https:\/\/infoans.demoboscosoft.com\/wp-content\/uploads\/2026\/03\/7aae176d6f5cedd07da74423b718ece6.jpg","width":467,"height":467},{"@type":"BreadcrumbList","@id":"https:\/\/infoans.demoboscosoft.com\/fr\/community-celebration-marks-important-milestone-in-the-history-of-salesian-mission-2\/#breadcrumb","itemListElement":[{"@type":"ListItem","position":1,"name":"Home","item":"https:\/\/infoans.demoboscosoft.com\/fr\/"},{"@type":"ListItem","position":2,"name":"Salesians","item":"https:\/\/infoans.demoboscosoft.com\/fr\/category\/salesians\/"},{"@type":"ListItem","position":3,"name":"Rector Major","item":"https:\/\/infoans.demoboscosoft.com\/fr\/category\/salesians\/rector-major\/"},{"@type":"ListItem","position":4,"name":"Community Celebration Marks Important Milestone in the History of Salesian Mission"}]},{"@type":"WebSite","@id":"https:\/\/infoans.demoboscosoft.com\/fr\/#website","url":"https:\/\/infoans.demoboscosoft.com\/fr\/","name":"ANS - Agenzia iNfo Salesiana","description":"","potentialAction":[{"@type":"SearchAction","target":{"@type":"EntryPoint","urlTemplate":"https:\/\/infoans.demoboscosoft.com\/fr\/?s={search_term_string}"},"query-input":{"@type":"PropertyValueSpecification","valueRequired":true,"valueName":"search_term_string"}}],"inLanguage":"fr-FR"},{"@type":"Person","@id":"https:\/\/infoans.demoboscosoft.com\/fr\/#\/schema\/person\/ab88318d0212baf9f68ffd9f1d679c04","name":"root","image":{"@type":"ImageObject","inLanguage":"fr-FR","@id":"https:\/\/infoans.demoboscosoft.com\/fr\/#\/schema\/person\/image\/","url":"https:\/\/secure.gravatar.com\/avatar\/8df31f9371321641284d378aeb586d5fc658f6ef976788c88ebe945f176d8c65?s=96&d=mm&r=g","contentUrl":"https:\/\/secure.gravatar.com\/avatar\/8df31f9371321641284d378aeb586d5fc658f6ef976788c88ebe945f176d8c65?s=96&d=mm&r=g","caption":"root"},"sameAs":["https:\/\/infoans.demoboscosoft.com"],"url":"https:\/\/infoans.demoboscosoft.com\/fr\/author\/root\/"}]}},"_links":{"self":[{"href":"https:\/\/infoans.demoboscosoft.com\/fr\/wp-json\/wp\/v2\/posts\/1817","targetHints":{"allow":["GET"]}}],"collection":[{"href":"https:\/\/infoans.demoboscosoft.com\/fr\/wp-json\/wp\/v2\/posts"}],"about":[{"href":"https:\/\/infoans.demoboscosoft.com\/fr\/wp-json\/wp\/v2\/types\/post"}],"author":[{"embeddable":true,"href":"https:\/\/infoans.demoboscosoft.com\/fr\/wp-json\/wp\/v2\/users\/1"}],"replies":[{"embeddable":true,"href":"https:\/\/infoans.demoboscosoft.com\/fr\/wp-json\/wp\/v2\/comments?post=1817"}],"version-history":[{"count":1,"href":"https:\/\/infoans.demoboscosoft.com\/fr\/wp-json\/wp\/v2\/posts\/1817\/revisions"}],"predecessor-version":[{"id":1818,"href":"https:\/\/infoans.demoboscosoft.com\/fr\/wp-json\/wp\/v2\/posts\/1817\/revisions\/1818"}],"wp:featuredmedia":[{"embeddable":true,"href":"https:\/\/infoans.demoboscosoft.com\/fr\/wp-json\/wp\/v2\/media\/1199"}],"wp:attachment":[{"href":"https:\/\/infoans.demoboscosoft.com\/fr\/wp-json\/wp\/v2\/media?parent=1817"}],"wp:term":[{"taxonomy":"category","embeddable":true,"href":"https:\/\/infoans.demoboscosoft.com\/fr\/wp-json\/wp\/v2\/categories?post=1817"},{"taxonomy":"post_tag","embeddable":true,"href":"https:\/\/infoans.demoboscosoft.com\/fr\/wp-json\/wp\/v2\/tags?post=1817"}],"curies":[{"name":"wp","href":"https:\/\/api.w.org\/{rel}","templated":true}]}}