{"id":1854,"date":"2026-03-07T04:26:42","date_gmt":"2026-03-07T04:26:42","guid":{"rendered":"https:\/\/infoans.demoboscosoft.com\/?p=1854"},"modified":"2026-03-18T07:27:19","modified_gmt":"2026-03-18T07:27:19","slug":"hispanic-heritage-foundations-youth-award-in-journalism-and-media-awarded-to-don-bosco-tech-senior","status":"publish","type":"post","link":"https:\/\/infoans.demoboscosoft.com\/fr\/hispanic-heritage-foundations-youth-award-in-journalism-and-media-awarded-to-don-bosco-tech-senior\/","title":{"rendered":"Spain \u2013 Young Agents of Change: Meeting of the \u201cTake the Reins\u201d\u009d Project"},"content":{"rendered":"\t\t<div data-elementor-type=\"wp-post\" data-elementor-id=\"1854\" class=\"elementor elementor-1854\" data-elementor-post-type=\"post\">\n\t\t\t\t<div class=\"elementor-element elementor-element-717e756 e-flex e-con-boxed e-con e-parent\" data-id=\"717e756\" data-element_type=\"container\" data-e-type=\"container\">\n\t\t\t\t\t<div class=\"e-con-inner\">\n\t\t\t\t<div class=\"elementor-element elementor-element-49f9ab22 elementor-widget elementor-widget-text-editor\" data-id=\"49f9ab22\" data-element_type=\"widget\" data-e-type=\"widget\" data-widget_type=\"text-editor.default\">\n\t\t\t\t\t\t\t\t\t<p>The meeting brought together educators from various organizations belonging to the Salesian Social Platforms in Spain, who will be responsible for supporting the development of the project in their respective regions.\u00a0The event presented the objectives of the program, shared the intervention methodology, and launched the educational process that will unfold in the coming months. The project promotes the role of peer prevention leaders, encouraging young people themselves to guide processes of awareness and change in their communities. The meeting served as the starting point for the work that the educational teams will carry out in each region. In this first phase, tools, participatory methodologies, and support strategies were shared to promote the training process with young people. Subsequently, each educational leader will select several young people from their area to participate in the training program \u201cDiscover Yourself,\u201d\u009d an online phase designed to promote self-awareness, reflection, and youth leadership.<\/p>\t\t\t\t\t\t\t\t<\/div>\n\t\t\t\t\t<\/div>\n\t\t\t\t<\/div>\n\t\t\t\t<\/div>\n\t\t","protected":false},"excerpt":{"rendered":"<p>Congratulations to Tech senior Tom\u00e1s Diego Carranza (Media Arts &#038; Technology \u201926), who has been named a recipient of the Hispanic Heritage Foundation\u2019s Youth Awards in Journalism &#038; Media.<\/p>\n","protected":false},"author":1,"featured_media":1864,"comment_status":"open","ping_status":"open","sticky":false,"template":"","format":"standard","meta":{"_angie_page":false,"site-sidebar-layout":"default","site-content-layout":"","ast-site-content-layout":"default","site-content-style":"default","site-sidebar-style":"default","ast-global-header-display":"","ast-banner-title-visibility":"","ast-main-header-display":"","ast-hfb-above-header-display":"","ast-hfb-below-header-display":"","ast-hfb-mobile-header-display":"","site-post-title":"","ast-breadcrumbs-content":"","ast-featured-img":"","footer-sml-layout":"","ast-disable-related-posts":"","theme-transparent-header-meta":"","adv-header-id-meta":"","stick-header-meta":"","header-above-stick-meta":"","header-main-stick-meta":"","header-below-stick-meta":"","astra-migrate-meta-layouts":"default","ast-page-background-enabled":"default","ast-page-background-meta":{"desktop":{"background-color":"var(--ast-global-color-5)","background-image":"","background-repeat":"repeat","background-position":"center center","background-size":"auto","background-attachment":"scroll","background-type":"","background-media":"","overlay-type":"","overlay-color":"","overlay-opacity":"","overlay-gradient":""},"tablet":{"background-color":"","background-image":"","background-repeat":"repeat","background-position":"center center","background-size":"auto","background-attachment":"scroll","background-type":"","background-media":"","overlay-type":"","overlay-color":"","overlay-opacity":"","overlay-gradient":""},"mobile":{"background-color":"","background-image":"","background-repeat":"repeat","background-position":"center center","background-size":"auto","background-attachment":"scroll","background-type":"","background-media":"","overlay-type":"","overlay-color":"","overlay-opacity":"","overlay-gradient":""}},"ast-content-background-meta":{"desktop":{"background-color":"var(--ast-global-color-4)","background-image":"","background-repeat":"repeat","background-position":"center center","background-size":"auto","background-attachment":"scroll","background-type":"","background-media":"","overlay-type":"","overlay-color":"","overlay-opacity":"","overlay-gradient":""},"tablet":{"background-color":"var(--ast-global-color-4)","background-image":"","background-repeat":"repeat","background-position":"center center","background-size":"auto","background-attachment":"scroll","background-type":"","background-media":"","overlay-type":"","overlay-color":"","overlay-opacity":"","overlay-gradient":""},"mobile":{"background-color":"var(--ast-global-color-4)","background-image":"","background-repeat":"repeat","background-position":"center center","background-size":"auto","background-attachment":"scroll","background-type":"","background-media":"","overlay-type":"","overlay-color":"","overlay-opacity":"","overlay-gradient":""}},"page_builder":"","footnotes":""},"categories":[32],"tags":[77],"class_list":["post-1854","post","type-post","status-publish","format-standard","has-post-thumbnail","hentry","category-youth","tag-salesian-youth-ministry"],"yoast_head":"<!-- This site is optimized with the Yoast SEO plugin v27.1.1 - https:\/\/yoast.com\/product\/yoast-seo-wordpress\/ -->\n<title>Spain \u00e2\u20ac\u201c Young Agents of Change: Meeting of the \u00e2\u20ac\u0153Take the Reins\u00e2\u20ac\u009d Project - ANS - Agenzia iNfo Salesiana<\/title>\n<meta name=\"robots\" content=\"index, follow, max-snippet:-1, max-image-preview:large, max-video-preview:-1\" \/>\n<link rel=\"canonical\" href=\"https:\/\/infoans.demoboscosoft.com\/fr\/hispanic-heritage-foundations-youth-award-in-journalism-and-media-awarded-to-don-bosco-tech-senior\/\" \/>\n<meta property=\"og:locale\" content=\"fr_FR\" \/>\n<meta property=\"og:type\" content=\"article\" \/>\n<meta property=\"og:title\" content=\"Spain \u00e2\u20ac\u201c Young Agents of Change: Meeting of the \u00e2\u20ac\u0153Take the Reins\u00e2\u20ac\u009d Project - ANS - Agenzia iNfo Salesiana\" \/>\n<meta property=\"og:description\" content=\"Congratulations to Tech senior Tom\u00c3\u0192\u00c6\u2019\u00c3\u201a\u00c2\u00a1s Diego Carranza (Media Arts &amp; Technology \u00c3\u0192\u00c2\u00a2\u00c3\u00a2\u00e2\u20ac\u0161\u00c2\u00ac\u00c3\u00a2\u00e2\u20ac\u017e\u00c2\u00a226), who has been named a recipient of the Hispanic Heritage Foundation\u00c3\u0192\u00c2\u00a2\u00c3\u00a2\u00e2\u20ac\u0161\u00c2\u00ac\u00c3\u00a2\u00e2\u20ac\u017e\u00c2\u00a2s Youth Awards in Journalism &amp; Media.\" \/>\n<meta property=\"og:url\" content=\"https:\/\/infoans.demoboscosoft.com\/fr\/hispanic-heritage-foundations-youth-award-in-journalism-and-media-awarded-to-don-bosco-tech-senior\/\" \/>\n<meta property=\"og:site_name\" content=\"ANS - Agenzia iNfo Salesiana\" \/>\n<meta property=\"article:published_time\" content=\"2026-03-07T04:26:42+00:00\" \/>\n<meta property=\"article:modified_time\" content=\"2026-03-18T07:27:19+00:00\" \/>\n<meta property=\"og:image\" content=\"https:\/\/infoans.demoboscosoft.com\/wp-content\/uploads\/2026\/03\/news1.webp\" \/>\n\t<meta property=\"og:image:width\" content=\"1024\" \/>\n\t<meta property=\"og:image:height\" content=\"768\" \/>\n\t<meta property=\"og:image:type\" content=\"image\/webp\" \/>\n<meta name=\"author\" content=\"root\" \/>\n<meta name=\"twitter:card\" content=\"summary_large_image\" \/>\n<meta name=\"twitter:label1\" content=\"\u00c9crit par\" \/>\n\t<meta name=\"twitter:data1\" content=\"root\" \/>\n\t<meta name=\"twitter:label2\" content=\"Dur\u00e9e de lecture estim\u00e9e\" \/>\n\t<meta name=\"twitter:data2\" content=\"1 minute\" \/>\n<script type=\"application\/ld+json\" class=\"yoast-schema-graph\">{\"@context\":\"https:\/\/schema.org\",\"@graph\":[{\"@type\":\"Article\",\"@id\":\"https:\/\/infoans.demoboscosoft.com\/fr\/hispanic-heritage-foundations-youth-award-in-journalism-and-media-awarded-to-don-bosco-tech-senior\/#article\",\"isPartOf\":{\"@id\":\"https:\/\/infoans.demoboscosoft.com\/fr\/hispanic-heritage-foundations-youth-award-in-journalism-and-media-awarded-to-don-bosco-tech-senior\/\"},\"author\":{\"name\":\"root\",\"@id\":\"https:\/\/infoans.demoboscosoft.com\/fr\/#\/schema\/person\/ab88318d0212baf9f68ffd9f1d679c04\"},\"headline\":\"Spain \u2013 Young Agents of Change: Meeting of the \u201cTake the Reins\u201d\u009d Project\",\"datePublished\":\"2026-03-07T04:26:42+00:00\",\"dateModified\":\"2026-03-18T07:27:19+00:00\",\"mainEntityOfPage\":{\"@id\":\"https:\/\/infoans.demoboscosoft.com\/fr\/hispanic-heritage-foundations-youth-award-in-journalism-and-media-awarded-to-don-bosco-tech-senior\/\"},\"wordCount\":161,\"commentCount\":0,\"image\":{\"@id\":\"https:\/\/infoans.demoboscosoft.com\/fr\/hispanic-heritage-foundations-youth-award-in-journalism-and-media-awarded-to-don-bosco-tech-senior\/#primaryimage\"},\"thumbnailUrl\":\"https:\/\/infoans.demoboscosoft.com\/wp-content\/uploads\/2026\/03\/news1.webp\",\"keywords\":[\"Salesian Youth Ministry\"],\"articleSection\":[\"Youth\"],\"inLanguage\":\"fr-FR\",\"potentialAction\":[{\"@type\":\"CommentAction\",\"name\":\"Comment\",\"target\":[\"https:\/\/infoans.demoboscosoft.com\/fr\/hispanic-heritage-foundations-youth-award-in-journalism-and-media-awarded-to-don-bosco-tech-senior\/#respond\"]}]},{\"@type\":\"WebPage\",\"@id\":\"https:\/\/infoans.demoboscosoft.com\/fr\/hispanic-heritage-foundations-youth-award-in-journalism-and-media-awarded-to-don-bosco-tech-senior\/\",\"url\":\"https:\/\/infoans.demoboscosoft.com\/fr\/hispanic-heritage-foundations-youth-award-in-journalism-and-media-awarded-to-don-bosco-tech-senior\/\",\"name\":\"Spain \u00e2\u20ac\u201c Young Agents of Change: Meeting of the \u00e2\u20ac\u0153Take the Reins\u00e2\u20ac\u009d Project - ANS - Agenzia iNfo Salesiana\",\"isPartOf\":{\"@id\":\"https:\/\/infoans.demoboscosoft.com\/fr\/#website\"},\"primaryImageOfPage\":{\"@id\":\"https:\/\/infoans.demoboscosoft.com\/fr\/hispanic-heritage-foundations-youth-award-in-journalism-and-media-awarded-to-don-bosco-tech-senior\/#primaryimage\"},\"image\":{\"@id\":\"https:\/\/infoans.demoboscosoft.com\/fr\/hispanic-heritage-foundations-youth-award-in-journalism-and-media-awarded-to-don-bosco-tech-senior\/#primaryimage\"},\"thumbnailUrl\":\"https:\/\/infoans.demoboscosoft.com\/wp-content\/uploads\/2026\/03\/news1.webp\",\"datePublished\":\"2026-03-07T04:26:42+00:00\",\"dateModified\":\"2026-03-18T07:27:19+00:00\",\"author\":{\"@id\":\"https:\/\/infoans.demoboscosoft.com\/fr\/#\/schema\/person\/ab88318d0212baf9f68ffd9f1d679c04\"},\"breadcrumb\":{\"@id\":\"https:\/\/infoans.demoboscosoft.com\/fr\/hispanic-heritage-foundations-youth-award-in-journalism-and-media-awarded-to-don-bosco-tech-senior\/#breadcrumb\"},\"inLanguage\":\"fr-FR\",\"potentialAction\":[{\"@type\":\"ReadAction\",\"target\":[\"https:\/\/infoans.demoboscosoft.com\/fr\/hispanic-heritage-foundations-youth-award-in-journalism-and-media-awarded-to-don-bosco-tech-senior\/\"]}]},{\"@type\":\"ImageObject\",\"inLanguage\":\"fr-FR\",\"@id\":\"https:\/\/infoans.demoboscosoft.com\/fr\/hispanic-heritage-foundations-youth-award-in-journalism-and-media-awarded-to-don-bosco-tech-senior\/#primaryimage\",\"url\":\"https:\/\/infoans.demoboscosoft.com\/wp-content\/uploads\/2026\/03\/news1.webp\",\"contentUrl\":\"https:\/\/infoans.demoboscosoft.com\/wp-content\/uploads\/2026\/03\/news1.webp\",\"width\":1024,\"height\":768},{\"@type\":\"BreadcrumbList\",\"@id\":\"https:\/\/infoans.demoboscosoft.com\/fr\/hispanic-heritage-foundations-youth-award-in-journalism-and-media-awarded-to-don-bosco-tech-senior\/#breadcrumb\",\"itemListElement\":[{\"@type\":\"ListItem\",\"position\":1,\"name\":\"Home\",\"item\":\"https:\/\/infoans.demoboscosoft.com\/fr\/\"},{\"@type\":\"ListItem\",\"position\":2,\"name\":\"Spain \u00e2\u20ac\u201c Young Agents of Change: Meeting of the \u00e2\u20ac\u0153Take the Reins\u00e2\u20ac\u009d Project\"}]},{\"@type\":\"WebSite\",\"@id\":\"https:\/\/infoans.demoboscosoft.com\/fr\/#website\",\"url\":\"https:\/\/infoans.demoboscosoft.com\/fr\/\",\"name\":\"ANS - Agenzia iNfo Salesiana\",\"description\":\"\",\"potentialAction\":[{\"@type\":\"SearchAction\",\"target\":{\"@type\":\"EntryPoint\",\"urlTemplate\":\"https:\/\/infoans.demoboscosoft.com\/fr\/?s={search_term_string}\"},\"query-input\":{\"@type\":\"PropertyValueSpecification\",\"valueRequired\":true,\"valueName\":\"search_term_string\"}}],\"inLanguage\":\"fr-FR\"},{\"@type\":\"Person\",\"@id\":\"https:\/\/infoans.demoboscosoft.com\/fr\/#\/schema\/person\/ab88318d0212baf9f68ffd9f1d679c04\",\"name\":\"root\",\"image\":{\"@type\":\"ImageObject\",\"inLanguage\":\"fr-FR\",\"@id\":\"https:\/\/infoans.demoboscosoft.com\/fr\/#\/schema\/person\/image\/\",\"url\":\"https:\/\/secure.gravatar.com\/avatar\/8df31f9371321641284d378aeb586d5fc658f6ef976788c88ebe945f176d8c65?s=96&d=mm&r=g\",\"contentUrl\":\"https:\/\/secure.gravatar.com\/avatar\/8df31f9371321641284d378aeb586d5fc658f6ef976788c88ebe945f176d8c65?s=96&d=mm&r=g\",\"caption\":\"root\"},\"sameAs\":[\"https:\/\/infoans.demoboscosoft.com\"],\"url\":\"https:\/\/infoans.demoboscosoft.com\/fr\/author\/root\/\"}]}<\/script>\n<!-- \/ Yoast SEO plugin. -->","yoast_head_json":{"title":"Spain \u00e2\u20ac\u201c Young Agents of Change: Meeting of the \u00e2\u20ac\u0153Take the Reins\u00e2\u20ac\u009d Project - ANS - Agenzia iNfo Salesiana","robots":{"index":"index","follow":"follow","max-snippet":"max-snippet:-1","max-image-preview":"max-image-preview:large","max-video-preview":"max-video-preview:-1"},"canonical":"https:\/\/infoans.demoboscosoft.com\/fr\/hispanic-heritage-foundations-youth-award-in-journalism-and-media-awarded-to-don-bosco-tech-senior\/","og_locale":"fr_FR","og_type":"article","og_title":"Spain \u00e2\u20ac\u201c Young Agents of Change: Meeting of the \u00e2\u20ac\u0153Take the Reins\u00e2\u20ac\u009d Project - ANS - Agenzia iNfo Salesiana","og_description":"Congratulations to Tech senior Tom\u00c3\u0192\u00c6\u2019\u00c3\u201a\u00c2\u00a1s Diego Carranza (Media Arts & Technology \u00c3\u0192\u00c2\u00a2\u00c3\u00a2\u00e2\u20ac\u0161\u00c2\u00ac\u00c3\u00a2\u00e2\u20ac\u017e\u00c2\u00a226), who has been named a recipient of the Hispanic Heritage Foundation\u00c3\u0192\u00c2\u00a2\u00c3\u00a2\u00e2\u20ac\u0161\u00c2\u00ac\u00c3\u00a2\u00e2\u20ac\u017e\u00c2\u00a2s Youth Awards in Journalism & Media.","og_url":"https:\/\/infoans.demoboscosoft.com\/fr\/hispanic-heritage-foundations-youth-award-in-journalism-and-media-awarded-to-don-bosco-tech-senior\/","og_site_name":"ANS - Agenzia iNfo Salesiana","article_published_time":"2026-03-07T04:26:42+00:00","article_modified_time":"2026-03-18T07:27:19+00:00","og_image":[{"width":1024,"height":768,"url":"https:\/\/infoans.demoboscosoft.com\/wp-content\/uploads\/2026\/03\/news1.webp","type":"image\/webp"}],"author":"root","twitter_card":"summary_large_image","twitter_misc":{"\u00c9crit par":"root","Dur\u00e9e de lecture estim\u00e9e":"1 minute"},"schema":{"@context":"https:\/\/schema.org","@graph":[{"@type":"Article","@id":"https:\/\/infoans.demoboscosoft.com\/fr\/hispanic-heritage-foundations-youth-award-in-journalism-and-media-awarded-to-don-bosco-tech-senior\/#article","isPartOf":{"@id":"https:\/\/infoans.demoboscosoft.com\/fr\/hispanic-heritage-foundations-youth-award-in-journalism-and-media-awarded-to-don-bosco-tech-senior\/"},"author":{"name":"root","@id":"https:\/\/infoans.demoboscosoft.com\/fr\/#\/schema\/person\/ab88318d0212baf9f68ffd9f1d679c04"},"headline":"Spain \u2013 Young Agents of Change: Meeting of the \u201cTake the Reins\u201d\u009d Project","datePublished":"2026-03-07T04:26:42+00:00","dateModified":"2026-03-18T07:27:19+00:00","mainEntityOfPage":{"@id":"https:\/\/infoans.demoboscosoft.com\/fr\/hispanic-heritage-foundations-youth-award-in-journalism-and-media-awarded-to-don-bosco-tech-senior\/"},"wordCount":161,"commentCount":0,"image":{"@id":"https:\/\/infoans.demoboscosoft.com\/fr\/hispanic-heritage-foundations-youth-award-in-journalism-and-media-awarded-to-don-bosco-tech-senior\/#primaryimage"},"thumbnailUrl":"https:\/\/infoans.demoboscosoft.com\/wp-content\/uploads\/2026\/03\/news1.webp","keywords":["Salesian Youth Ministry"],"articleSection":["Youth"],"inLanguage":"fr-FR","potentialAction":[{"@type":"CommentAction","name":"Comment","target":["https:\/\/infoans.demoboscosoft.com\/fr\/hispanic-heritage-foundations-youth-award-in-journalism-and-media-awarded-to-don-bosco-tech-senior\/#respond"]}]},{"@type":"WebPage","@id":"https:\/\/infoans.demoboscosoft.com\/fr\/hispanic-heritage-foundations-youth-award-in-journalism-and-media-awarded-to-don-bosco-tech-senior\/","url":"https:\/\/infoans.demoboscosoft.com\/fr\/hispanic-heritage-foundations-youth-award-in-journalism-and-media-awarded-to-don-bosco-tech-senior\/","name":"Spain \u00e2\u20ac\u201c Young Agents of Change: Meeting of the \u00e2\u20ac\u0153Take the Reins\u00e2\u20ac\u009d Project - ANS - Agenzia iNfo Salesiana","isPartOf":{"@id":"https:\/\/infoans.demoboscosoft.com\/fr\/#website"},"primaryImageOfPage":{"@id":"https:\/\/infoans.demoboscosoft.com\/fr\/hispanic-heritage-foundations-youth-award-in-journalism-and-media-awarded-to-don-bosco-tech-senior\/#primaryimage"},"image":{"@id":"https:\/\/infoans.demoboscosoft.com\/fr\/hispanic-heritage-foundations-youth-award-in-journalism-and-media-awarded-to-don-bosco-tech-senior\/#primaryimage"},"thumbnailUrl":"https:\/\/infoans.demoboscosoft.com\/wp-content\/uploads\/2026\/03\/news1.webp","datePublished":"2026-03-07T04:26:42+00:00","dateModified":"2026-03-18T07:27:19+00:00","author":{"@id":"https:\/\/infoans.demoboscosoft.com\/fr\/#\/schema\/person\/ab88318d0212baf9f68ffd9f1d679c04"},"breadcrumb":{"@id":"https:\/\/infoans.demoboscosoft.com\/fr\/hispanic-heritage-foundations-youth-award-in-journalism-and-media-awarded-to-don-bosco-tech-senior\/#breadcrumb"},"inLanguage":"fr-FR","potentialAction":[{"@type":"ReadAction","target":["https:\/\/infoans.demoboscosoft.com\/fr\/hispanic-heritage-foundations-youth-award-in-journalism-and-media-awarded-to-don-bosco-tech-senior\/"]}]},{"@type":"ImageObject","inLanguage":"fr-FR","@id":"https:\/\/infoans.demoboscosoft.com\/fr\/hispanic-heritage-foundations-youth-award-in-journalism-and-media-awarded-to-don-bosco-tech-senior\/#primaryimage","url":"https:\/\/infoans.demoboscosoft.com\/wp-content\/uploads\/2026\/03\/news1.webp","contentUrl":"https:\/\/infoans.demoboscosoft.com\/wp-content\/uploads\/2026\/03\/news1.webp","width":1024,"height":768},{"@type":"BreadcrumbList","@id":"https:\/\/infoans.demoboscosoft.com\/fr\/hispanic-heritage-foundations-youth-award-in-journalism-and-media-awarded-to-don-bosco-tech-senior\/#breadcrumb","itemListElement":[{"@type":"ListItem","position":1,"name":"Home","item":"https:\/\/infoans.demoboscosoft.com\/fr\/"},{"@type":"ListItem","position":2,"name":"Spain \u00e2\u20ac\u201c Young Agents of Change: Meeting of the \u00e2\u20ac\u0153Take the Reins\u00e2\u20ac\u009d Project"}]},{"@type":"WebSite","@id":"https:\/\/infoans.demoboscosoft.com\/fr\/#website","url":"https:\/\/infoans.demoboscosoft.com\/fr\/","name":"ANS - Agenzia iNfo Salesiana","description":"","potentialAction":[{"@type":"SearchAction","target":{"@type":"EntryPoint","urlTemplate":"https:\/\/infoans.demoboscosoft.com\/fr\/?s={search_term_string}"},"query-input":{"@type":"PropertyValueSpecification","valueRequired":true,"valueName":"search_term_string"}}],"inLanguage":"fr-FR"},{"@type":"Person","@id":"https:\/\/infoans.demoboscosoft.com\/fr\/#\/schema\/person\/ab88318d0212baf9f68ffd9f1d679c04","name":"root","image":{"@type":"ImageObject","inLanguage":"fr-FR","@id":"https:\/\/infoans.demoboscosoft.com\/fr\/#\/schema\/person\/image\/","url":"https:\/\/secure.gravatar.com\/avatar\/8df31f9371321641284d378aeb586d5fc658f6ef976788c88ebe945f176d8c65?s=96&d=mm&r=g","contentUrl":"https:\/\/secure.gravatar.com\/avatar\/8df31f9371321641284d378aeb586d5fc658f6ef976788c88ebe945f176d8c65?s=96&d=mm&r=g","caption":"root"},"sameAs":["https:\/\/infoans.demoboscosoft.com"],"url":"https:\/\/infoans.demoboscosoft.com\/fr\/author\/root\/"}]}},"_links":{"self":[{"href":"https:\/\/infoans.demoboscosoft.com\/fr\/wp-json\/wp\/v2\/posts\/1854","targetHints":{"allow":["GET"]}}],"collection":[{"href":"https:\/\/infoans.demoboscosoft.com\/fr\/wp-json\/wp\/v2\/posts"}],"about":[{"href":"https:\/\/infoans.demoboscosoft.com\/fr\/wp-json\/wp\/v2\/types\/post"}],"author":[{"embeddable":true,"href":"https:\/\/infoans.demoboscosoft.com\/fr\/wp-json\/wp\/v2\/users\/1"}],"replies":[{"embeddable":true,"href":"https:\/\/infoans.demoboscosoft.com\/fr\/wp-json\/wp\/v2\/comments?post=1854"}],"version-history":[{"count":13,"href":"https:\/\/infoans.demoboscosoft.com\/fr\/wp-json\/wp\/v2\/posts\/1854\/revisions"}],"predecessor-version":[{"id":2947,"href":"https:\/\/infoans.demoboscosoft.com\/fr\/wp-json\/wp\/v2\/posts\/1854\/revisions\/2947"}],"wp:featuredmedia":[{"embeddable":true,"href":"https:\/\/infoans.demoboscosoft.com\/fr\/wp-json\/wp\/v2\/media\/1864"}],"wp:attachment":[{"href":"https:\/\/infoans.demoboscosoft.com\/fr\/wp-json\/wp\/v2\/media?parent=1854"}],"wp:term":[{"taxonomy":"category","embeddable":true,"href":"https:\/\/infoans.demoboscosoft.com\/fr\/wp-json\/wp\/v2\/categories?post=1854"},{"taxonomy":"post_tag","embeddable":true,"href":"https:\/\/infoans.demoboscosoft.com\/fr\/wp-json\/wp\/v2\/tags?post=1854"}],"curies":[{"name":"wp","href":"https:\/\/api.w.org\/{rel}","templated":true}]}}