{"id":2016,"date":"2026-03-10T04:31:55","date_gmt":"2026-03-10T04:31:55","guid":{"rendered":"https:\/\/infoans.demoboscosoft.com\/?p=2016"},"modified":"2026-03-10T04:34:22","modified_gmt":"2026-03-10T04:34:22","slug":"gran-bretagna-unita-e-speranza-dove-papa-leone-puo-condurre-la-chiesa","status":"publish","type":"post","link":"https:\/\/infoans.demoboscosoft.com\/fr\/gran-bretagna-unita-e-speranza-dove-papa-leone-puo-condurre-la-chiesa\/","title":{"rendered":"Gran Bretagna \u2013 Unit\u00ed\u00a0 e speranza: dove Papa Leone pu\u00f2 condurre la Chiesa?"},"content":{"rendered":"\n<p>(ANS \u2013 Londra) \u2013 Don Peter Pagac, SDB, parroco della chiesa \u201cSacro Cuore di Ges\u00ed\u00b9\u201d\u009d a Battersea, presso Londra, ha ospitato un incontro gioved\u00ed\u00ac 5 marzo 2026 per riflettere sulle aspettative di speranza e unit\u00ed\u00a0 che l\u2019elezione di Papa Leone sta suscitando nella Chiesa. Per la circostanza quasi 200 persone si sono ritrovate nella serata di un giorno feriale nella parrocchia salesiana: un numero che dimostra il forte interesse che Papa Leone gi\u00ed\u00a0 ha generato all\u2019interno della Chiesa Cattolica e per cui la comunit\u00ed\u00a0 salesiana si \u00e8 congratulata con gli organizzatori a motivo della buona pubblicit\u00ed\u00a0 fatta.<\/p>\n\n\n\n<p>La conversazione \u00e8 stata condotta da Christopher Lamb, corrispondente su temi vaticani per la CNN, e da Erin Clark, vicaria della chiesa \u201cSt Mary\u201d\u009d a Battersea. Erin, come Christopher, \u00e8 un autore con all\u2019attivo diverse pubblicazioni ed entrambi hanno promosso i loro libri dopo l\u2019evento, tra cui il nuovo titolo di Christopher \u201cAmerican Hope\u201d\u009d che guarda al futuro del pontificato di Leone. La conversazione \u00e8 stata presieduta da don David O\u2019Malley, salesiano della comunit\u00ed\u00a0 salesiana di Battersea.<\/p>\n","protected":false},"excerpt":{"rendered":"<p>(ANS \u2013 Londra) \u2013 Don Peter Pagac, SDB, parroco della chiesa \u201cSacro Cuore di Ges\u00ed\u00b9\u201d\u009d a Battersea, presso Londra, ha ospitato un incontro gioved\u00ed\u00ac 5 marzo 2026 per riflettere sulle aspettative di speranza e unit\u00ed\u00a0 che l\u2019elezione di Papa Leone sta suscitando nella<\/p>\n","protected":false},"author":1,"featured_media":2023,"comment_status":"open","ping_status":"open","sticky":false,"template":"","format":"standard","meta":{"_angie_page":false,"site-sidebar-layout":"default","site-content-layout":"","ast-site-content-layout":"default","site-content-style":"default","site-sidebar-style":"default","ast-global-header-display":"","ast-banner-title-visibility":"","ast-main-header-display":"","ast-hfb-above-header-display":"","ast-hfb-below-header-display":"","ast-hfb-mobile-header-display":"","site-post-title":"","ast-breadcrumbs-content":"","ast-featured-img":"","footer-sml-layout":"","ast-disable-related-posts":"","theme-transparent-header-meta":"","adv-header-id-meta":"","stick-header-meta":"","header-above-stick-meta":"","header-main-stick-meta":"","header-below-stick-meta":"","astra-migrate-meta-layouts":"default","ast-page-background-enabled":"default","ast-page-background-meta":{"desktop":{"background-color":"var(--ast-global-color-5)","background-image":"","background-repeat":"repeat","background-position":"center center","background-size":"auto","background-attachment":"scroll","background-type":"","background-media":"","overlay-type":"","overlay-color":"","overlay-opacity":"","overlay-gradient":""},"tablet":{"background-color":"","background-image":"","background-repeat":"repeat","background-position":"center center","background-size":"auto","background-attachment":"scroll","background-type":"","background-media":"","overlay-type":"","overlay-color":"","overlay-opacity":"","overlay-gradient":""},"mobile":{"background-color":"","background-image":"","background-repeat":"repeat","background-position":"center center","background-size":"auto","background-attachment":"scroll","background-type":"","background-media":"","overlay-type":"","overlay-color":"","overlay-opacity":"","overlay-gradient":""}},"ast-content-background-meta":{"desktop":{"background-color":"var(--ast-global-color-4)","background-image":"","background-repeat":"repeat","background-position":"center center","background-size":"auto","background-attachment":"scroll","background-type":"","background-media":"","overlay-type":"","overlay-color":"","overlay-opacity":"","overlay-gradient":""},"tablet":{"background-color":"var(--ast-global-color-4)","background-image":"","background-repeat":"repeat","background-position":"center center","background-size":"auto","background-attachment":"scroll","background-type":"","background-media":"","overlay-type":"","overlay-color":"","overlay-opacity":"","overlay-gradient":""},"mobile":{"background-color":"var(--ast-global-color-4)","background-image":"","background-repeat":"repeat","background-position":"center center","background-size":"auto","background-attachment":"scroll","background-type":"","background-media":"","overlay-type":"","overlay-color":"","overlay-opacity":"","overlay-gradient":""}},"page_builder":"","footnotes":""},"categories":[14],"tags":[],"class_list":["post-2016","post","type-post","status-publish","format-standard","has-post-thumbnail","hentry","category-giovani"],"yoast_head":"<!-- This site is optimized with the Yoast SEO plugin v27.1.1 - https:\/\/yoast.com\/product\/yoast-seo-wordpress\/ -->\n<title>Gran Bretagna \u00e2\u20ac\u201c Unit\u00c3\u00a0 e speranza: dove Papa Leone pu\u00c3\u00b2 condurre la Chiesa? - ANS - Agenzia iNfo Salesiana<\/title>\n<meta name=\"robots\" content=\"index, follow, max-snippet:-1, max-image-preview:large, max-video-preview:-1\" \/>\n<link rel=\"canonical\" href=\"https:\/\/infoans.demoboscosoft.com\/fr\/gran-bretagna-unita-e-speranza-dove-papa-leone-puo-condurre-la-chiesa\/\" \/>\n<meta property=\"og:locale\" content=\"fr_FR\" \/>\n<meta property=\"og:type\" content=\"article\" \/>\n<meta property=\"og:title\" content=\"Gran Bretagna \u00e2\u20ac\u201c Unit\u00c3\u00a0 e speranza: dove Papa Leone pu\u00c3\u00b2 condurre la Chiesa? - ANS - Agenzia iNfo Salesiana\" \/>\n<meta property=\"og:description\" content=\"(ANS \u00e2\u20ac\u201c Londra) \u00e2\u20ac\u201c Don Peter Pagac, SDB, parroco della chiesa \u00e2\u20ac\u0153Sacro Cuore di Ges\u00c3\u00b9\u00e2\u20ac\u009d a Battersea, presso Londra, ha ospitato un incontro gioved\u00c3\u00ac 5 marzo 2026 per riflettere sulle aspettative di speranza e unit\u00c3\u00a0 che l\u00e2\u20ac\u2122elezione di Papa Leone sta suscitando nella\" \/>\n<meta property=\"og:url\" content=\"https:\/\/infoans.demoboscosoft.com\/fr\/gran-bretagna-unita-e-speranza-dove-papa-leone-puo-condurre-la-chiesa\/\" \/>\n<meta property=\"og:site_name\" content=\"ANS - Agenzia iNfo Salesiana\" \/>\n<meta property=\"article:published_time\" content=\"2026-03-10T04:31:55+00:00\" \/>\n<meta property=\"article:modified_time\" content=\"2026-03-10T04:34:22+00:00\" \/>\n<meta property=\"og:image\" content=\"https:\/\/infoans.demoboscosoft.com\/wp-content\/uploads\/2026\/03\/f0e5f2e1046cbe74bf6cbc111b5bd892_L.jpg\" \/>\n\t<meta property=\"og:image:width\" content=\"655\" \/>\n\t<meta property=\"og:image:height\" content=\"349\" \/>\n\t<meta property=\"og:image:type\" content=\"image\/jpeg\" \/>\n<meta name=\"author\" content=\"root\" \/>\n<meta name=\"twitter:card\" content=\"summary_large_image\" \/>\n<meta name=\"twitter:label1\" content=\"\u00c9crit par\" \/>\n\t<meta name=\"twitter:data1\" content=\"root\" \/>\n\t<meta name=\"twitter:label2\" content=\"Dur\u00e9e de lecture estim\u00e9e\" \/>\n\t<meta name=\"twitter:data2\" content=\"1 minute\" \/>\n<script type=\"application\/ld+json\" class=\"yoast-schema-graph\">{\"@context\":\"https:\/\/schema.org\",\"@graph\":[{\"@type\":\"Article\",\"@id\":\"https:\/\/infoans.demoboscosoft.com\/fr\/gran-bretagna-unita-e-speranza-dove-papa-leone-puo-condurre-la-chiesa\/#article\",\"isPartOf\":{\"@id\":\"https:\/\/infoans.demoboscosoft.com\/fr\/gran-bretagna-unita-e-speranza-dove-papa-leone-puo-condurre-la-chiesa\/\"},\"author\":{\"name\":\"root\",\"@id\":\"https:\/\/infoans.demoboscosoft.com\/fr\/#\/schema\/person\/ab88318d0212baf9f68ffd9f1d679c04\"},\"headline\":\"Gran Bretagna \u2013 Unit\u00ed\u00a0 e speranza: dove Papa Leone pu\u00f2 condurre la Chiesa?\",\"datePublished\":\"2026-03-10T04:31:55+00:00\",\"dateModified\":\"2026-03-10T04:34:22+00:00\",\"mainEntityOfPage\":{\"@id\":\"https:\/\/infoans.demoboscosoft.com\/fr\/gran-bretagna-unita-e-speranza-dove-papa-leone-puo-condurre-la-chiesa\/\"},\"wordCount\":182,\"commentCount\":0,\"image\":{\"@id\":\"https:\/\/infoans.demoboscosoft.com\/fr\/gran-bretagna-unita-e-speranza-dove-papa-leone-puo-condurre-la-chiesa\/#primaryimage\"},\"thumbnailUrl\":\"https:\/\/infoans.demoboscosoft.com\/wp-content\/uploads\/2026\/03\/f0e5f2e1046cbe74bf6cbc111b5bd892_L.jpg\",\"articleSection\":[\"Giovani\"],\"inLanguage\":\"fr-FR\",\"potentialAction\":[{\"@type\":\"CommentAction\",\"name\":\"Comment\",\"target\":[\"https:\/\/infoans.demoboscosoft.com\/fr\/gran-bretagna-unita-e-speranza-dove-papa-leone-puo-condurre-la-chiesa\/#respond\"]}]},{\"@type\":\"WebPage\",\"@id\":\"https:\/\/infoans.demoboscosoft.com\/fr\/gran-bretagna-unita-e-speranza-dove-papa-leone-puo-condurre-la-chiesa\/\",\"url\":\"https:\/\/infoans.demoboscosoft.com\/fr\/gran-bretagna-unita-e-speranza-dove-papa-leone-puo-condurre-la-chiesa\/\",\"name\":\"Gran Bretagna \u00e2\u20ac\u201c Unit\u00c3\u00a0 e speranza: dove Papa Leone pu\u00c3\u00b2 condurre la Chiesa? - ANS - Agenzia iNfo Salesiana\",\"isPartOf\":{\"@id\":\"https:\/\/infoans.demoboscosoft.com\/fr\/#website\"},\"primaryImageOfPage\":{\"@id\":\"https:\/\/infoans.demoboscosoft.com\/fr\/gran-bretagna-unita-e-speranza-dove-papa-leone-puo-condurre-la-chiesa\/#primaryimage\"},\"image\":{\"@id\":\"https:\/\/infoans.demoboscosoft.com\/fr\/gran-bretagna-unita-e-speranza-dove-papa-leone-puo-condurre-la-chiesa\/#primaryimage\"},\"thumbnailUrl\":\"https:\/\/infoans.demoboscosoft.com\/wp-content\/uploads\/2026\/03\/f0e5f2e1046cbe74bf6cbc111b5bd892_L.jpg\",\"datePublished\":\"2026-03-10T04:31:55+00:00\",\"dateModified\":\"2026-03-10T04:34:22+00:00\",\"author\":{\"@id\":\"https:\/\/infoans.demoboscosoft.com\/fr\/#\/schema\/person\/ab88318d0212baf9f68ffd9f1d679c04\"},\"breadcrumb\":{\"@id\":\"https:\/\/infoans.demoboscosoft.com\/fr\/gran-bretagna-unita-e-speranza-dove-papa-leone-puo-condurre-la-chiesa\/#breadcrumb\"},\"inLanguage\":\"fr-FR\",\"potentialAction\":[{\"@type\":\"ReadAction\",\"target\":[\"https:\/\/infoans.demoboscosoft.com\/fr\/gran-bretagna-unita-e-speranza-dove-papa-leone-puo-condurre-la-chiesa\/\"]}]},{\"@type\":\"ImageObject\",\"inLanguage\":\"fr-FR\",\"@id\":\"https:\/\/infoans.demoboscosoft.com\/fr\/gran-bretagna-unita-e-speranza-dove-papa-leone-puo-condurre-la-chiesa\/#primaryimage\",\"url\":\"https:\/\/infoans.demoboscosoft.com\/wp-content\/uploads\/2026\/03\/f0e5f2e1046cbe74bf6cbc111b5bd892_L.jpg\",\"contentUrl\":\"https:\/\/infoans.demoboscosoft.com\/wp-content\/uploads\/2026\/03\/f0e5f2e1046cbe74bf6cbc111b5bd892_L.jpg\",\"width\":655,\"height\":349},{\"@type\":\"BreadcrumbList\",\"@id\":\"https:\/\/infoans.demoboscosoft.com\/fr\/gran-bretagna-unita-e-speranza-dove-papa-leone-puo-condurre-la-chiesa\/#breadcrumb\",\"itemListElement\":[{\"@type\":\"ListItem\",\"position\":1,\"name\":\"Home\",\"item\":\"https:\/\/infoans.demoboscosoft.com\/fr\/\"},{\"@type\":\"ListItem\",\"position\":2,\"name\":\"Gran Bretagna \u00e2\u20ac\u201c Unit\u00c3\u00a0 e speranza: dove Papa Leone pu\u00c3\u00b2 condurre la Chiesa?\"}]},{\"@type\":\"WebSite\",\"@id\":\"https:\/\/infoans.demoboscosoft.com\/fr\/#website\",\"url\":\"https:\/\/infoans.demoboscosoft.com\/fr\/\",\"name\":\"ANS - Agenzia iNfo Salesiana\",\"description\":\"\",\"potentialAction\":[{\"@type\":\"SearchAction\",\"target\":{\"@type\":\"EntryPoint\",\"urlTemplate\":\"https:\/\/infoans.demoboscosoft.com\/fr\/?s={search_term_string}\"},\"query-input\":{\"@type\":\"PropertyValueSpecification\",\"valueRequired\":true,\"valueName\":\"search_term_string\"}}],\"inLanguage\":\"fr-FR\"},{\"@type\":\"Person\",\"@id\":\"https:\/\/infoans.demoboscosoft.com\/fr\/#\/schema\/person\/ab88318d0212baf9f68ffd9f1d679c04\",\"name\":\"root\",\"image\":{\"@type\":\"ImageObject\",\"inLanguage\":\"fr-FR\",\"@id\":\"https:\/\/infoans.demoboscosoft.com\/fr\/#\/schema\/person\/image\/\",\"url\":\"https:\/\/secure.gravatar.com\/avatar\/8df31f9371321641284d378aeb586d5fc658f6ef976788c88ebe945f176d8c65?s=96&d=mm&r=g\",\"contentUrl\":\"https:\/\/secure.gravatar.com\/avatar\/8df31f9371321641284d378aeb586d5fc658f6ef976788c88ebe945f176d8c65?s=96&d=mm&r=g\",\"caption\":\"root\"},\"sameAs\":[\"https:\/\/infoans.demoboscosoft.com\"],\"url\":\"https:\/\/infoans.demoboscosoft.com\/fr\/author\/root\/\"}]}<\/script>\n<!-- \/ Yoast SEO plugin. -->","yoast_head_json":{"title":"Gran Bretagna \u00e2\u20ac\u201c Unit\u00c3\u00a0 e speranza: dove Papa Leone pu\u00c3\u00b2 condurre la Chiesa? - ANS - Agenzia iNfo Salesiana","robots":{"index":"index","follow":"follow","max-snippet":"max-snippet:-1","max-image-preview":"max-image-preview:large","max-video-preview":"max-video-preview:-1"},"canonical":"https:\/\/infoans.demoboscosoft.com\/fr\/gran-bretagna-unita-e-speranza-dove-papa-leone-puo-condurre-la-chiesa\/","og_locale":"fr_FR","og_type":"article","og_title":"Gran Bretagna \u00e2\u20ac\u201c Unit\u00c3\u00a0 e speranza: dove Papa Leone pu\u00c3\u00b2 condurre la Chiesa? - ANS - Agenzia iNfo Salesiana","og_description":"(ANS \u00e2\u20ac\u201c Londra) \u00e2\u20ac\u201c Don Peter Pagac, SDB, parroco della chiesa \u00e2\u20ac\u0153Sacro Cuore di Ges\u00c3\u00b9\u00e2\u20ac\u009d a Battersea, presso Londra, ha ospitato un incontro gioved\u00c3\u00ac 5 marzo 2026 per riflettere sulle aspettative di speranza e unit\u00c3\u00a0 che l\u00e2\u20ac\u2122elezione di Papa Leone sta suscitando nella","og_url":"https:\/\/infoans.demoboscosoft.com\/fr\/gran-bretagna-unita-e-speranza-dove-papa-leone-puo-condurre-la-chiesa\/","og_site_name":"ANS - Agenzia iNfo Salesiana","article_published_time":"2026-03-10T04:31:55+00:00","article_modified_time":"2026-03-10T04:34:22+00:00","og_image":[{"width":655,"height":349,"url":"https:\/\/infoans.demoboscosoft.com\/wp-content\/uploads\/2026\/03\/f0e5f2e1046cbe74bf6cbc111b5bd892_L.jpg","type":"image\/jpeg"}],"author":"root","twitter_card":"summary_large_image","twitter_misc":{"\u00c9crit par":"root","Dur\u00e9e de lecture estim\u00e9e":"1 minute"},"schema":{"@context":"https:\/\/schema.org","@graph":[{"@type":"Article","@id":"https:\/\/infoans.demoboscosoft.com\/fr\/gran-bretagna-unita-e-speranza-dove-papa-leone-puo-condurre-la-chiesa\/#article","isPartOf":{"@id":"https:\/\/infoans.demoboscosoft.com\/fr\/gran-bretagna-unita-e-speranza-dove-papa-leone-puo-condurre-la-chiesa\/"},"author":{"name":"root","@id":"https:\/\/infoans.demoboscosoft.com\/fr\/#\/schema\/person\/ab88318d0212baf9f68ffd9f1d679c04"},"headline":"Gran Bretagna \u2013 Unit\u00ed\u00a0 e speranza: dove Papa Leone pu\u00f2 condurre la Chiesa?","datePublished":"2026-03-10T04:31:55+00:00","dateModified":"2026-03-10T04:34:22+00:00","mainEntityOfPage":{"@id":"https:\/\/infoans.demoboscosoft.com\/fr\/gran-bretagna-unita-e-speranza-dove-papa-leone-puo-condurre-la-chiesa\/"},"wordCount":182,"commentCount":0,"image":{"@id":"https:\/\/infoans.demoboscosoft.com\/fr\/gran-bretagna-unita-e-speranza-dove-papa-leone-puo-condurre-la-chiesa\/#primaryimage"},"thumbnailUrl":"https:\/\/infoans.demoboscosoft.com\/wp-content\/uploads\/2026\/03\/f0e5f2e1046cbe74bf6cbc111b5bd892_L.jpg","articleSection":["Giovani"],"inLanguage":"fr-FR","potentialAction":[{"@type":"CommentAction","name":"Comment","target":["https:\/\/infoans.demoboscosoft.com\/fr\/gran-bretagna-unita-e-speranza-dove-papa-leone-puo-condurre-la-chiesa\/#respond"]}]},{"@type":"WebPage","@id":"https:\/\/infoans.demoboscosoft.com\/fr\/gran-bretagna-unita-e-speranza-dove-papa-leone-puo-condurre-la-chiesa\/","url":"https:\/\/infoans.demoboscosoft.com\/fr\/gran-bretagna-unita-e-speranza-dove-papa-leone-puo-condurre-la-chiesa\/","name":"Gran Bretagna \u00e2\u20ac\u201c Unit\u00c3\u00a0 e speranza: dove Papa Leone pu\u00c3\u00b2 condurre la Chiesa? - ANS - Agenzia iNfo Salesiana","isPartOf":{"@id":"https:\/\/infoans.demoboscosoft.com\/fr\/#website"},"primaryImageOfPage":{"@id":"https:\/\/infoans.demoboscosoft.com\/fr\/gran-bretagna-unita-e-speranza-dove-papa-leone-puo-condurre-la-chiesa\/#primaryimage"},"image":{"@id":"https:\/\/infoans.demoboscosoft.com\/fr\/gran-bretagna-unita-e-speranza-dove-papa-leone-puo-condurre-la-chiesa\/#primaryimage"},"thumbnailUrl":"https:\/\/infoans.demoboscosoft.com\/wp-content\/uploads\/2026\/03\/f0e5f2e1046cbe74bf6cbc111b5bd892_L.jpg","datePublished":"2026-03-10T04:31:55+00:00","dateModified":"2026-03-10T04:34:22+00:00","author":{"@id":"https:\/\/infoans.demoboscosoft.com\/fr\/#\/schema\/person\/ab88318d0212baf9f68ffd9f1d679c04"},"breadcrumb":{"@id":"https:\/\/infoans.demoboscosoft.com\/fr\/gran-bretagna-unita-e-speranza-dove-papa-leone-puo-condurre-la-chiesa\/#breadcrumb"},"inLanguage":"fr-FR","potentialAction":[{"@type":"ReadAction","target":["https:\/\/infoans.demoboscosoft.com\/fr\/gran-bretagna-unita-e-speranza-dove-papa-leone-puo-condurre-la-chiesa\/"]}]},{"@type":"ImageObject","inLanguage":"fr-FR","@id":"https:\/\/infoans.demoboscosoft.com\/fr\/gran-bretagna-unita-e-speranza-dove-papa-leone-puo-condurre-la-chiesa\/#primaryimage","url":"https:\/\/infoans.demoboscosoft.com\/wp-content\/uploads\/2026\/03\/f0e5f2e1046cbe74bf6cbc111b5bd892_L.jpg","contentUrl":"https:\/\/infoans.demoboscosoft.com\/wp-content\/uploads\/2026\/03\/f0e5f2e1046cbe74bf6cbc111b5bd892_L.jpg","width":655,"height":349},{"@type":"BreadcrumbList","@id":"https:\/\/infoans.demoboscosoft.com\/fr\/gran-bretagna-unita-e-speranza-dove-papa-leone-puo-condurre-la-chiesa\/#breadcrumb","itemListElement":[{"@type":"ListItem","position":1,"name":"Home","item":"https:\/\/infoans.demoboscosoft.com\/fr\/"},{"@type":"ListItem","position":2,"name":"Gran Bretagna \u00e2\u20ac\u201c Unit\u00c3\u00a0 e speranza: dove Papa Leone pu\u00c3\u00b2 condurre la Chiesa?"}]},{"@type":"WebSite","@id":"https:\/\/infoans.demoboscosoft.com\/fr\/#website","url":"https:\/\/infoans.demoboscosoft.com\/fr\/","name":"ANS - Agenzia iNfo Salesiana","description":"","potentialAction":[{"@type":"SearchAction","target":{"@type":"EntryPoint","urlTemplate":"https:\/\/infoans.demoboscosoft.com\/fr\/?s={search_term_string}"},"query-input":{"@type":"PropertyValueSpecification","valueRequired":true,"valueName":"search_term_string"}}],"inLanguage":"fr-FR"},{"@type":"Person","@id":"https:\/\/infoans.demoboscosoft.com\/fr\/#\/schema\/person\/ab88318d0212baf9f68ffd9f1d679c04","name":"root","image":{"@type":"ImageObject","inLanguage":"fr-FR","@id":"https:\/\/infoans.demoboscosoft.com\/fr\/#\/schema\/person\/image\/","url":"https:\/\/secure.gravatar.com\/avatar\/8df31f9371321641284d378aeb586d5fc658f6ef976788c88ebe945f176d8c65?s=96&d=mm&r=g","contentUrl":"https:\/\/secure.gravatar.com\/avatar\/8df31f9371321641284d378aeb586d5fc658f6ef976788c88ebe945f176d8c65?s=96&d=mm&r=g","caption":"root"},"sameAs":["https:\/\/infoans.demoboscosoft.com"],"url":"https:\/\/infoans.demoboscosoft.com\/fr\/author\/root\/"}]}},"_links":{"self":[{"href":"https:\/\/infoans.demoboscosoft.com\/fr\/wp-json\/wp\/v2\/posts\/2016","targetHints":{"allow":["GET"]}}],"collection":[{"href":"https:\/\/infoans.demoboscosoft.com\/fr\/wp-json\/wp\/v2\/posts"}],"about":[{"href":"https:\/\/infoans.demoboscosoft.com\/fr\/wp-json\/wp\/v2\/types\/post"}],"author":[{"embeddable":true,"href":"https:\/\/infoans.demoboscosoft.com\/fr\/wp-json\/wp\/v2\/users\/1"}],"replies":[{"embeddable":true,"href":"https:\/\/infoans.demoboscosoft.com\/fr\/wp-json\/wp\/v2\/comments?post=2016"}],"version-history":[{"count":2,"href":"https:\/\/infoans.demoboscosoft.com\/fr\/wp-json\/wp\/v2\/posts\/2016\/revisions"}],"predecessor-version":[{"id":2027,"href":"https:\/\/infoans.demoboscosoft.com\/fr\/wp-json\/wp\/v2\/posts\/2016\/revisions\/2027"}],"wp:featuredmedia":[{"embeddable":true,"href":"https:\/\/infoans.demoboscosoft.com\/fr\/wp-json\/wp\/v2\/media\/2023"}],"wp:attachment":[{"href":"https:\/\/infoans.demoboscosoft.com\/fr\/wp-json\/wp\/v2\/media?parent=2016"}],"wp:term":[{"taxonomy":"category","embeddable":true,"href":"https:\/\/infoans.demoboscosoft.com\/fr\/wp-json\/wp\/v2\/categories?post=2016"},{"taxonomy":"post_tag","embeddable":true,"href":"https:\/\/infoans.demoboscosoft.com\/fr\/wp-json\/wp\/v2\/tags?post=2016"}],"curies":[{"name":"wp","href":"https:\/\/api.w.org\/{rel}","templated":true}]}}