{"id":2141,"date":"2026-03-12T10:15:42","date_gmt":"2026-03-12T10:15:42","guid":{"rendered":"https:\/\/infoans.demoboscosoft.com\/?p=2141"},"modified":"2026-03-31T10:28:31","modified_gmt":"2026-03-31T10:28:31","slug":"rmg-prima-sessione-plenaria-del-consiglio-generale-2026-al-via-i-lavori-presso-la-sede-centrale-salesiana","status":"publish","type":"post","link":"https:\/\/infoans.demoboscosoft.com\/fr\/rmg-prima-sessione-plenaria-del-consiglio-generale-2026-al-via-i-lavori-presso-la-sede-centrale-salesiana\/","title":{"rendered":"RMG \u2013 Prima Sessione Plenaria del Consiglio Generale 2026: al via i lavori presso la Sede Centrale Salesiana"},"content":{"rendered":"\t\t<div data-elementor-type=\"wp-post\" data-elementor-id=\"2141\" class=\"elementor elementor-2141\" data-elementor-post-type=\"post\">\n\t\t\t\t<div class=\"elementor-element elementor-element-9bad82e e-flex e-con-boxed e-con e-parent\" data-id=\"9bad82e\" data-element_type=\"container\" data-e-type=\"container\" data-settings=\"{&quot;background_background&quot;:&quot;classic&quot;}\">\n\t\t\t\t\t<div class=\"e-con-inner\">\n\t\t<div class=\"elementor-element elementor-element-1543c40 e-con-full e-flex e-con e-child\" data-id=\"1543c40\" data-element_type=\"container\" data-e-type=\"container\">\n\t\t\t\t<div class=\"elementor-element elementor-element-ef6674e elementor-widget elementor-widget-breadcrumbs\" data-id=\"ef6674e\" data-element_type=\"widget\" data-e-type=\"widget\" data-widget_type=\"breadcrumbs.default\">\n\t\t\t\t\t<p id=\"breadcrumbs\"><span><span><a href=\"https:\/\/infoans.demoboscosoft.com\/fr\/\">Home<\/a><\/span><\/span><\/p>\t\t\t\t<\/div>\n\t\t\t\t<div class=\"elementor-element elementor-element-ebc3d0b elementor-widget elementor-widget-post-info\" data-id=\"ebc3d0b\" data-element_type=\"widget\" data-e-type=\"widget\" data-widget_type=\"post-info.default\">\n\t\t\t\t\t\t\t<ul class=\"elementor-inline-items elementor-icon-list-items elementor-post-info\">\n\t\t\t\t\t\t\t\t<li class=\"elementor-icon-list-item elementor-repeater-item-e1d422c elementor-inline-item\" itemprop=\"datePublished\">\n\t\t\t\t\t\t<a href=\"https:\/\/infoans.demoboscosoft.com\/fr\/2026\/03\/12\/\">\n\t\t\t\t\t\t\t\t\t\t\t<span class=\"elementor-icon-list-icon\">\n\t\t\t\t\t\t\t\t<svg aria-hidden=\"true\" class=\"e-font-icon-svg e-fas-calendar\" viewBox=\"0 0 448 512\" xmlns=\"http:\/\/www.w3.org\/2000\/svg\"><path d=\"M12 192h424c6.6 0 12 5.4 12 12v260c0 26.5-21.5 48-48 48H48c-26.5 0-48-21.5-48-48V204c0-6.6 5.4-12 12-12zm436-44v-36c0-26.5-21.5-48-48-48h-48V12c0-6.6-5.4-12-12-12h-40c-6.6 0-12 5.4-12 12v52H160V12c0-6.6-5.4-12-12-12h-40c-6.6 0-12 5.4-12 12v52H48C21.5 64 0 85.5 0 112v36c0 6.6 5.4 12 12 12h424c6.6 0 12-5.4 12-12z\"><\/path><\/svg>\t\t\t\t\t\t\t<\/span>\n\t\t\t\t\t\t\t\t\t<span class=\"elementor-icon-list-text elementor-post-info__item elementor-post-info__item--type-date\">\n\t\t\t\t\t\t\t\t\t\t<time>12 mars 2026<\/time>\t\t\t\t\t<\/span>\n\t\t\t\t\t\t\t\t\t<\/a>\n\t\t\t\t<\/li>\n\t\t\t\t<\/ul>\n\t\t\t\t\t\t<\/div>\n\t\t\t\t<\/div>\n\t\t<div class=\"elementor-element elementor-element-050a929 e-con-full e-flex e-con e-child\" data-id=\"050a929\" data-element_type=\"container\" data-e-type=\"container\">\n\t\t\t\t<div class=\"elementor-element elementor-element-487f679 elementor-widget__width-initial elementor-widget elementor-widget-image\" data-id=\"487f679\" data-element_type=\"widget\" data-e-type=\"widget\" data-widget_type=\"image.default\">\n\t\t\t\t\t\t\t\t\t\t\t\t<figure class=\"wp-caption\">\n\t\t\t\t\t\t\t\t\t\t<img fetchpriority=\"high\" decoding=\"async\" width=\"655\" height=\"368\" src=\"https:\/\/infoans.demoboscosoft.com\/wp-content\/uploads\/2026\/03\/c1d1fd233fa891db4f09ed0145827ee5_L.jpg\" class=\"attachment-large size-large wp-image-2142\" alt=\"\" srcset=\"https:\/\/infoans.demoboscosoft.com\/wp-content\/uploads\/2026\/03\/c1d1fd233fa891db4f09ed0145827ee5_L.jpg 655w, https:\/\/infoans.demoboscosoft.com\/wp-content\/uploads\/2026\/03\/c1d1fd233fa891db4f09ed0145827ee5_L-300x169.jpg 300w\" sizes=\"(max-width: 655px) 100vw, 655px\" \/>\t\t\t\t\t\t\t\t\t\t\t<figcaption class=\"widget-image-caption wp-caption-text\">First Plenary Session<\/figcaption>\n\t\t\t\t\t\t\t\t\t\t<\/figure>\n\t\t\t\t\t\t\t\t\t<\/div>\n\t\t<div class=\"elementor-element elementor-element-be27c70 e-con-full e-flex e-con e-child\" data-id=\"be27c70\" data-element_type=\"container\" data-e-type=\"container\">\n\t\t\t\t<\/div>\n\t\t\t\t<\/div>\n\t\t<div class=\"elementor-element elementor-element-515cd28 e-con-full e-flex e-con e-child\" data-id=\"515cd28\" data-element_type=\"container\" data-e-type=\"container\">\n\t\t\t\t<div class=\"elementor-element elementor-element-c4f6d3e elementor-widget elementor-widget-heading\" data-id=\"c4f6d3e\" data-element_type=\"widget\" data-e-type=\"widget\" data-widget_type=\"heading.default\">\n\t\t\t\t\t<h2 class=\"elementor-heading-title elementor-size-default\">The general daily programme<\/h2>\t\t\t\t<\/div>\n\t\t\t\t<div class=\"elementor-element elementor-element-3a2e5d8 elementor-widget elementor-widget-text-editor\" data-id=\"3a2e5d8\" data-element_type=\"widget\" data-e-type=\"widget\" data-widget_type=\"text-editor.default\">\n\t\t\t\t\t\t\t\t\t<p>The session includes almost thirty days of work, divided between Council meetings, community moments and institutional visits, and the presence of all the Councillors at the Generalate for over five weeks guarantees the continuity of discussion and community discernment that characterises the working method of the <b>Rector Major and his Council.<\/b><\/p><p>The specific programme runs over six weeks, with daily morning and afternoon Council meetings, interrupted only by the liturgical solemnities of Lent and Easter. There will also be opportunities for fellowship and fraternity with other communities in Rome, both Salesian and non-Salesian, and in the week after Easter, starting on Easter Monday, there will also be community Spiritual Exercises, led by the Rector Major Emeritus, <b>Fr Pascual Ch\u00e1vez Villanueva,<\/b> IX Successor of Don Bosco.<\/p><p>The videos can be viewed on the YouTube channel <a href=\"https:\/\/www.youtube.com\/@settoreperlemissionisalesi9198\">\u2018Settore per le Missioni Salesiane\u2019<\/a> in the five official languages of the Congregation,<a href=\"https:\/\/www.youtube.com\/watch?v=qdH1er-4uTs&amp;list=PLGj-DaHJEmFWnyC4BYCd1MINd5dEKNXPF\"> in three versions<\/a> (a video of almost 10 minutes, a \u2018short edition\u2019 half the length, and a teaser used to launch the SMD).<\/p>\t\t\t\t\t\t\t\t<\/div>\n\t\t\t\t<div class=\"elementor-element elementor-element-f5060bb elementor-widget elementor-widget-heading\" data-id=\"f5060bb\" data-element_type=\"widget\" data-e-type=\"widget\" data-widget_type=\"heading.default\">\n\t\t\t\t\t<h2 class=\"elementor-heading-title elementor-size-default\">Ordinary activities<\/h2>\t\t\t\t<\/div>\n\t\t\t\t<div class=\"elementor-element elementor-element-a162f12 elementor-widget elementor-widget-text-editor\" data-id=\"a162f12\" data-element_type=\"widget\" data-e-type=\"widget\" data-widget_type=\"text-editor.default\">\n\t\t\t\t\t\t\t\t\t<p>As usual, the plenary session will focus on <b>three fundamental areas:<\/b> the appointment of new Provincials; the study of the reports of the Extraordinary Visitations; and issues of particular relevance and importance for the institutional life of the Congregation.<\/p><p><b>On the first point,<\/b> the agenda concerns the appointments of Superiors of:<\/p><p>Argentina North (ARN);<br \/>the United States-West (SUO);<br \/>Central Africa (AFC);<br \/>the Special Circumscription of Piedmont-Valle d&rsquo;Aosta, Italy (ICP);<br \/>and the Vice-Province of Papua New Guinea and the Solomon Islands (PGS);<\/p>\t\t\t\t\t\t\t\t<\/div>\n\t\t\t\t<div class=\"elementor-element elementor-element-9c934a2 elementor-icon-list--layout-traditional elementor-list-item-link-full_width elementor-widget elementor-widget-icon-list\" data-id=\"9c934a2\" data-element_type=\"widget\" data-e-type=\"widget\" data-widget_type=\"icon-list.default\">\n\t\t\t\t\t\t\t<ul class=\"elementor-icon-list-items\">\n\t\t\t\t\t\t\t<li class=\"elementor-icon-list-item\">\n\t\t\t\t\t\t\t\t\t\t\t<span class=\"elementor-icon-list-icon\">\n\t\t\t\t\t\t\t<svg aria-hidden=\"true\" class=\"e-font-icon-svg e-fas-angle-right\" viewBox=\"0 0 256 512\" xmlns=\"http:\/\/www.w3.org\/2000\/svg\"><path d=\"M224.3 273l-136 136c-9.4 9.4-24.6 9.4-33.9 0l-22.6-22.6c-9.4-9.4-9.4-24.6 0-33.9l96.4-96.4-96.4-96.4c-9.4-9.4-9.4-24.6 0-33.9L54.3 103c9.4-9.4 24.6-9.4 33.9 0l136 136c9.5 9.4 9.5 24.6.1 34z\"><\/path><\/svg>\t\t\t\t\t\t<\/span>\n\t\t\t\t\t\t\t\t\t\t<span class=\"elementor-icon-list-text\">Argentina North (ARN);<\/span>\n\t\t\t\t\t\t\t\t\t<\/li>\n\t\t\t\t\t\t\t\t<li class=\"elementor-icon-list-item\">\n\t\t\t\t\t\t\t\t\t\t\t<span class=\"elementor-icon-list-icon\">\n\t\t\t\t\t\t\t<svg aria-hidden=\"true\" class=\"e-font-icon-svg e-fas-angle-right\" viewBox=\"0 0 256 512\" xmlns=\"http:\/\/www.w3.org\/2000\/svg\"><path d=\"M224.3 273l-136 136c-9.4 9.4-24.6 9.4-33.9 0l-22.6-22.6c-9.4-9.4-9.4-24.6 0-33.9l96.4-96.4-96.4-96.4c-9.4-9.4-9.4-24.6 0-33.9L54.3 103c9.4-9.4 24.6-9.4 33.9 0l136 136c9.5 9.4 9.5 24.6.1 34z\"><\/path><\/svg>\t\t\t\t\t\t<\/span>\n\t\t\t\t\t\t\t\t\t\t<span class=\"elementor-icon-list-text\">the United States-West (SUO);<\/span>\n\t\t\t\t\t\t\t\t\t<\/li>\n\t\t\t\t\t\t\t\t<li class=\"elementor-icon-list-item\">\n\t\t\t\t\t\t\t\t\t\t\t<span class=\"elementor-icon-list-icon\">\n\t\t\t\t\t\t\t<svg aria-hidden=\"true\" class=\"e-font-icon-svg e-fas-angle-right\" viewBox=\"0 0 256 512\" xmlns=\"http:\/\/www.w3.org\/2000\/svg\"><path d=\"M224.3 273l-136 136c-9.4 9.4-24.6 9.4-33.9 0l-22.6-22.6c-9.4-9.4-9.4-24.6 0-33.9l96.4-96.4-96.4-96.4c-9.4-9.4-9.4-24.6 0-33.9L54.3 103c9.4-9.4 24.6-9.4 33.9 0l136 136c9.5 9.4 9.5 24.6.1 34z\"><\/path><\/svg>\t\t\t\t\t\t<\/span>\n\t\t\t\t\t\t\t\t\t\t<span class=\"elementor-icon-list-text\">Central Africa (AFC);<\/span>\n\t\t\t\t\t\t\t\t\t<\/li>\n\t\t\t\t\t\t\t\t<li class=\"elementor-icon-list-item\">\n\t\t\t\t\t\t\t\t\t\t\t<span class=\"elementor-icon-list-icon\">\n\t\t\t\t\t\t\t<svg aria-hidden=\"true\" class=\"e-font-icon-svg e-fas-angle-right\" viewBox=\"0 0 256 512\" xmlns=\"http:\/\/www.w3.org\/2000\/svg\"><path d=\"M224.3 273l-136 136c-9.4 9.4-24.6 9.4-33.9 0l-22.6-22.6c-9.4-9.4-9.4-24.6 0-33.9l96.4-96.4-96.4-96.4c-9.4-9.4-9.4-24.6 0-33.9L54.3 103c9.4-9.4 24.6-9.4 33.9 0l136 136c9.5 9.4 9.5 24.6.1 34z\"><\/path><\/svg>\t\t\t\t\t\t<\/span>\n\t\t\t\t\t\t\t\t\t\t<span class=\"elementor-icon-list-text\">the Special Circumscription of Piedmont-Valle d'Aosta, Italy (ICP);<\/span>\n\t\t\t\t\t\t\t\t\t<\/li>\n\t\t\t\t\t\t\t\t<li class=\"elementor-icon-list-item\">\n\t\t\t\t\t\t\t\t\t\t\t<span class=\"elementor-icon-list-icon\">\n\t\t\t\t\t\t\t<svg aria-hidden=\"true\" class=\"e-font-icon-svg e-fas-angle-right\" viewBox=\"0 0 256 512\" xmlns=\"http:\/\/www.w3.org\/2000\/svg\"><path d=\"M224.3 273l-136 136c-9.4 9.4-24.6 9.4-33.9 0l-22.6-22.6c-9.4-9.4-9.4-24.6 0-33.9l96.4-96.4-96.4-96.4c-9.4-9.4-9.4-24.6 0-33.9L54.3 103c9.4-9.4 24.6-9.4 33.9 0l136 136c9.5 9.4 9.5 24.6.1 34z\"><\/path><\/svg>\t\t\t\t\t\t<\/span>\n\t\t\t\t\t\t\t\t\t\t<span class=\"elementor-icon-list-text\">the Special Circumscription of Piedmont-Valle d'Aosta, Italy (ICP);<\/span>\n\t\t\t\t\t\t\t\t\t<\/li>\n\t\t\t\t\t\t<\/ul>\n\t\t\t\t\t\t<\/div>\n\t\t\t\t<div class=\"elementor-element elementor-element-1a2437c elementor-widget elementor-widget-text-editor\" data-id=\"1a2437c\" data-element_type=\"widget\" data-e-type=\"widget\" data-widget_type=\"text-editor.default\">\n\t\t\t\t\t\t\t\t\t<p>\u201cPer noi questo ambiente non \u00e8 solo un luogo per ricordare Don Bosco.<br data-start=\"100\" data-end=\"103\" \/>Ma vogliamo davvero che sia un luogo che favorisca il carisma di Don Bosco,<br data-start=\"178\" data-end=\"181\" \/>il suo amore per Dio e il suo amore per i giovani.\u201d<\/p>\t\t\t\t\t\t\t\t<\/div>\n\t\t\t\t<\/div>\n\t\t<div class=\"elementor-element elementor-element-845e894 e-con-full e-flex e-con e-child\" data-id=\"845e894\" data-element_type=\"container\" data-e-type=\"container\">\n\t\t\t\t<div class=\"elementor-element elementor-element-b4a0332 elementor-widget__width-initial elementor-widget elementor-widget-image\" data-id=\"b4a0332\" data-element_type=\"widget\" data-e-type=\"widget\" data-widget_type=\"image.default\">\n\t\t\t\t\t\t\t\t\t\t\t\t\t\t\t<img decoding=\"async\" width=\"655\" height=\"368\" src=\"https:\/\/infoans.demoboscosoft.com\/wp-content\/uploads\/2026\/03\/c1d1fd233fa891db4f09ed0145827ee5_L.jpg\" class=\"attachment-full size-full wp-image-2142\" alt=\"\" srcset=\"https:\/\/infoans.demoboscosoft.com\/wp-content\/uploads\/2026\/03\/c1d1fd233fa891db4f09ed0145827ee5_L.jpg 655w, https:\/\/infoans.demoboscosoft.com\/wp-content\/uploads\/2026\/03\/c1d1fd233fa891db4f09ed0145827ee5_L-300x169.jpg 300w\" sizes=\"(max-width: 655px) 100vw, 655px\" \/>\t\t\t\t\t\t\t\t\t\t\t\t\t\t\t<\/div>\n\t\t\t\t<div class=\"elementor-element elementor-element-0b2cc56 elementor-widget__width-initial elementor-widget elementor-widget-image\" data-id=\"0b2cc56\" data-element_type=\"widget\" data-e-type=\"widget\" data-widget_type=\"image.default\">\n\t\t\t\t\t\t\t\t\t\t\t\t\t\t\t<img decoding=\"async\" width=\"1024\" height=\"611\" src=\"https:\/\/infoans.demoboscosoft.com\/wp-content\/uploads\/2026\/03\/7e0bf47d438efaf5f69e6fc4c9ed4a54_XL.jpg\" class=\"attachment-full size-full wp-image-2121\" alt=\"\" srcset=\"https:\/\/infoans.demoboscosoft.com\/wp-content\/uploads\/2026\/03\/7e0bf47d438efaf5f69e6fc4c9ed4a54_XL.jpg 1024w, https:\/\/infoans.demoboscosoft.com\/wp-content\/uploads\/2026\/03\/7e0bf47d438efaf5f69e6fc4c9ed4a54_XL-300x179.jpg 300w, https:\/\/infoans.demoboscosoft.com\/wp-content\/uploads\/2026\/03\/7e0bf47d438efaf5f69e6fc4c9ed4a54_XL-768x458.jpg 768w\" sizes=\"(max-width: 1024px) 100vw, 1024px\" \/>\t\t\t\t\t\t\t\t\t\t\t\t\t\t\t<\/div>\n\t\t\t\t<div class=\"elementor-element elementor-element-e72f5ba elementor-widget__width-initial elementor-widget elementor-widget-image\" data-id=\"e72f5ba\" data-element_type=\"widget\" data-e-type=\"widget\" data-widget_type=\"image.default\">\n\t\t\t\t\t\t\t\t\t\t\t\t\t\t\t<img loading=\"lazy\" decoding=\"async\" width=\"1200\" height=\"800\" src=\"https:\/\/infoans.demoboscosoft.com\/wp-content\/uploads\/2026\/03\/04-POLONIA.jpg\" class=\"attachment-full size-full wp-image-2065\" alt=\"\" srcset=\"https:\/\/infoans.demoboscosoft.com\/wp-content\/uploads\/2026\/03\/04-POLONIA.jpg 1200w, https:\/\/infoans.demoboscosoft.com\/wp-content\/uploads\/2026\/03\/04-POLONIA-300x200.jpg 300w, https:\/\/infoans.demoboscosoft.com\/wp-content\/uploads\/2026\/03\/04-POLONIA-1024x683.jpg 1024w, https:\/\/infoans.demoboscosoft.com\/wp-content\/uploads\/2026\/03\/04-POLONIA-768x512.jpg 768w\" sizes=\"(max-width: 1200px) 100vw, 1200px\" \/>\t\t\t\t\t\t\t\t\t\t\t\t\t\t\t<\/div>\n\t\t\t\t<div class=\"elementor-element elementor-element-ebdaf27 elementor-widget__width-initial elementor-widget elementor-widget-image\" data-id=\"ebdaf27\" data-element_type=\"widget\" data-e-type=\"widget\" data-widget_type=\"image.default\">\n\t\t\t\t\t\t\t\t\t\t\t\t\t\t\t<img loading=\"lazy\" decoding=\"async\" width=\"1200\" height=\"771\" src=\"https:\/\/infoans.demoboscosoft.com\/wp-content\/uploads\/2026\/03\/08-KOR.jpg\" class=\"attachment-full size-full wp-image-2064\" alt=\"\" srcset=\"https:\/\/infoans.demoboscosoft.com\/wp-content\/uploads\/2026\/03\/08-KOR.jpg 1200w, https:\/\/infoans.demoboscosoft.com\/wp-content\/uploads\/2026\/03\/08-KOR-300x193.jpg 300w, https:\/\/infoans.demoboscosoft.com\/wp-content\/uploads\/2026\/03\/08-KOR-1024x658.jpg 1024w, https:\/\/infoans.demoboscosoft.com\/wp-content\/uploads\/2026\/03\/08-KOR-768x493.jpg 768w\" sizes=\"(max-width: 1200px) 100vw, 1200px\" \/>\t\t\t\t\t\t\t\t\t\t\t\t\t\t\t<\/div>\n\t\t\t\t<\/div>\n\t\t\t\t<div class=\"elementor-element elementor-element-f3ee955 elementor-widget elementor-widget-text-editor\" data-id=\"f3ee955\" data-element_type=\"widget\" data-e-type=\"widget\" data-widget_type=\"text-editor.default\">\n\t\t\t\t\t\t\t\t\t<p>As for other strategic issues for the journey of the Congregation, topics of study include consultation on the canonical form of the UPS Vice-Province and related discernment, the pastoral projects of the Council, updating the Colle Don Bosco and Salesian Places project, the Statute and Regulations of the Central Archives, the sdb.org website, and the final balance sheet<\/p>\t\t\t\t\t\t\t\t<\/div>\n\t\t\t\t<div class=\"elementor-element elementor-element-6ce0437 elementor-widget elementor-widget-heading\" data-id=\"6ce0437\" data-element_type=\"widget\" data-e-type=\"widget\" data-widget_type=\"heading.default\">\n\t\t\t\t\t<h2 class=\"elementor-heading-title elementor-size-default\">The Council's upcoming commitments<\/h2>\t\t\t\t<\/div>\n\t\t\t\t<div class=\"elementor-element elementor-element-eca1acf elementor-widget elementor-widget-text-editor\" data-id=\"eca1acf\" data-element_type=\"widget\" data-e-type=\"widget\" data-widget_type=\"text-editor.default\">\n\t\t\t\t\t\t\t\t\t<p>At the end of this plenary session, the General Council will meet again for the summer plenary session scheduled for 6-7 August 2026.<\/p>\t\t\t\t\t\t\t\t<\/div>\n\t\t<div class=\"elementor-element elementor-element-0ff8171 e-con-full e-flex e-con e-child\" data-id=\"0ff8171\" data-element_type=\"container\" data-e-type=\"container\">\n\t\t<div class=\"elementor-element elementor-element-fd5b816 e-con-full e-flex e-con e-child\" data-id=\"fd5b816\" data-element_type=\"container\" data-e-type=\"container\">\n\t\t\t\t<div class=\"elementor-element elementor-element-198fe3c elementor-widget elementor-widget-shortcode\" data-id=\"198fe3c\" data-element_type=\"widget\" data-e-type=\"widget\" data-widget_type=\"shortcode.default\">\n\t\t\t\t\t\t\t<div class=\"elementor-shortcode\">    <div class=\"ans-social-sharebar\" data-ans-share-url=\"https:\/\/infoans.demoboscosoft.com\/fr\/rmg-prima-sessione-plenaria-del-consiglio-generale-2026-al-via-i-lavori-presso-la-sede-centrale-salesiana\/\">\n        <a class=\"ans-share-action ans-share-send\" href=\"mailto:?subject=RMG%20%E2%80%93%20Prima%20Sessione%20Plenaria%20del%20Consiglio%20Generale%202026%3A%20al%20via%20i%20lavori%20presso%20la%20Sede%20Centrale%20Salesiana&#038;body=RMG%20%E2%80%93%20Prima%20Sessione%20Plenaria%20del%20Consiglio%20Generale%202026%3A%20al%20via%20i%20lavori%20presso%20la%20Sede%20Centrale%20Salesiana%20-%20https%3A%2F%2Finfoans.demoboscosoft.com%2Ffr%2Frmg-prima-sessione-plenaria-del-consiglio-generale-2026-al-via-i-lavori-presso-la-sede-centrale-salesiana%2F\">\n            <span class=\"ans-share-icon\" aria-hidden=\"true\" style=\"margin-top:6px;\"><svg viewBox=\"0 0 24 24\" width=\"16\" height=\"16\" fill=\"currentColor\" stroke=\"currentColor\" stroke-width=\"1\"><path d=\"M3 5.75A1.75 1.75 0 0 1 4.75 4h14.5A1.75 1.75 0 0 1 21 5.75v12.5A1.75 1.75 0 0 1 19.25 20H4.75A1.75 1.75 0 0 1 3 18.25V5.75Zm2.01.75L12 11.28 18.99 6.5H5.01ZM19.5 8.09l-6.65 4.55a1.5 1.5 0 0 1-1.7 0L4.5 8.09v10.16c0 .14.11.25.25.25h14.5a.25.25 0 0 0 .25-.25V8.09Z\"\/><\/svg><\/span>\n            <span class=\"ans-share-label\">Send<\/span>\n        <\/a>    \n       <a class=\"ans-share-action ans-share-print\" href=\"https:\/\/infoans.demoboscosoft.com\/fr\/rmg-prima-sessione-plenaria-del-consiglio-generale-2026-al-via-i-lavori-presso-la-sede-centrale-salesiana\/?ans-print=1\" target=\"_blank\" aria-label=\"Print this page\">\n            <span class=\"ans-share-icon\" aria-hidden=\"true\"><svg viewBox=\"0 0 24 24\" width=\"16\" height=\"16\" style=\"margin-top: 8px; color: #666363;\" fill=\"currentColor\"><path d=\"M6 9V3h12v6H6zm12 2h1a3 3 0 0 1 3 3v4h-4v3H6v-3H2v-4a3 3 0 0 1 3-3h1v4h12v-4z\"\/><\/svg><\/span>\n            <span class=\"ans-share-label\">Print<\/span>\n        <\/a>\n        <a class=\"ans-share-network ans-share-facebook\" href=\"https:\/\/www.facebook.com\/sharer\/sharer.php?u=https%3A%2F%2Finfoans.demoboscosoft.com%2Ffr%2Frmg-prima-sessione-plenaria-del-consiglio-generale-2026-al-via-i-lavori-presso-la-sede-centrale-salesiana%2F\" target=\"_blank\" rel=\"noopener noreferrer\" aria-label=\"Share on Facebook\"><svg viewBox=\"0 0 24 24\" width=\"20\" height=\"20\" fill=\"currentColor\"><path d=\"M13.5 21v-7h2.34l.35-2.73H13.5V9.53c0-.79.22-1.33 1.36-1.33H16.3V5.76c-.25-.03-1.11-.1-2.1-.1-2.08 0-3.5 1.27-3.5 3.6v2.01H8.35V14h2.35v7h2.8Z\"\/><\/svg><\/a>\n        <a class=\"ans-share-network ans-share-x\" href=\"https:\/\/twitter.com\/intent\/tweet?url=https%3A%2F%2Finfoans.demoboscosoft.com%2Ffr%2Frmg-prima-sessione-plenaria-del-consiglio-generale-2026-al-via-i-lavori-presso-la-sede-centrale-salesiana%2F&#038;text=RMG%20%E2%80%93%20Prima%20Sessione%20Plenaria%20del%20Consiglio%20Generale%202026%3A%20al%20via%20i%20lavori%20presso%20la%20Sede%20Centrale%20Salesiana\" target=\"_blank\" rel=\"noopener noreferrer\" aria-label=\"Share on X\"><svg viewBox=\"0 0 24 24\" width=\"20\" height=\"20\" fill=\"currentColor\"><path d=\"M3 3h4.72l4.3 6.14L17.52 3H21l-7.31 8.36L21 21h-4.72l-4.57-6.52L5.98 21H3l7.54-8.63L3 3Z\"\/><\/svg><\/a>\n        <a class=\"ans-share-network ans-share-whatsapp\" href=\"https:\/\/api.whatsapp.com\/send?text=RMG%20%E2%80%93%20Prima%20Sessione%20Plenaria%20del%20Consiglio%20Generale%202026%3A%20al%20via%20i%20lavori%20presso%20la%20Sede%20Centrale%20Salesiana%20-%20https%3A%2F%2Finfoans.demoboscosoft.com%2Ffr%2Frmg-prima-sessione-plenaria-del-consiglio-generale-2026-al-via-i-lavori-presso-la-sede-centrale-salesiana%2F\" target=\"_blank\" rel=\"noopener noreferrer\" aria-label=\"Share on WhatsApp\"><svg viewBox=\"0 0 24 24\" width=\"20\" height=\"20\" fill=\"currentColor\"><path d=\"M20.52 3.48A11.86 11.86 0 0 0 12.06 0C5.6 0 .34 5.25.34 11.72c0 2.06.54 4.08 1.55 5.86L0 24l6.58-1.88a11.73 11.73 0 0 0 5.48 1.4h.01c6.46 0 11.72-5.26 11.73-11.73a11.63 11.63 0 0 0-3.28-8.3Zm-8.46 18a9.74 9.74 0 0 1-4.96-1.36l-.36-.21-3.91 1.12 1.14-3.81-.23-.39a9.75 9.75 0 1 1 8.32 4.65Zm5.35-7.32c-.3-.15-1.75-.86-2.03-.96-.27-.1-.47-.15-.67.15-.2.3-.77.96-.95 1.15-.17.2-.34.22-.64.08-.3-.15-1.24-.46-2.37-1.47-.87-.78-1.46-1.75-1.63-2.04-.17-.3-.02-.46.13-.61.14-.14.3-.34.45-.5.15-.18.2-.3.3-.5.1-.2.05-.38-.02-.53-.08-.15-.67-1.62-.92-2.22-.24-.58-.48-.5-.67-.5h-.57c-.2 0-.52.08-.8.38-.27.3-1.04 1.01-1.04 2.45s1.07 2.83 1.22 3.02c.15.2 2.09 3.19 5.06 4.47.71.31 1.27.5 1.7.64.72.23 1.37.2 1.89.12.58-.09 1.75-.72 2-1.41.25-.69.25-1.28.17-1.41-.07-.13-.27-.2-.57-.35Z\"\/><\/svg><\/a>\n        <a class=\"ans-share-network ans-share-instagram\" href=\"https:\/\/www.instagram.com\/agenziainfosalesiana\/\" target=\"_blank\" rel=\"noopener noreferrer\" aria-label=\"Instagram\"><svg viewBox=\"0 0 24 24\" width=\"20\" height=\"20\" fill=\"currentColor\"><path d=\"M7.75 2h8.5A5.75 5.75 0 0 1 22 7.75v8.5A5.75 5.75 0 0 1 16.25 22h-8.5A5.75 5.75 0 0 1 2 16.25v-8.5A5.75 5.75 0 0 1 7.75 2Zm0 1.8A3.95 3.95 0 0 0 3.8 7.75v8.5a3.95 3.95 0 0 0 3.95 3.95h8.5a3.95 3.95 0 0 0 3.95-3.95v-8.5a3.95 3.95 0 0 0-3.95-3.95h-8.5Zm8.95 1.35a1.15 1.15 0 1 1 0 2.3 1.15 1.15 0 0 1 0-2.3ZM12 7a5 5 0 1 1 0 10 5 5 0 0 1 0-10Zm0 1.8A3.2 3.2 0 1 0 12 15.2 3.2 3.2 0 0 0 12 8.8Z\"\/><\/svg><\/a>\n    <\/div>\n    <style>\n    .ans-social-sharebar{ display:flex; margin-left:0px; align-items:center; gap:12px; flex-wrap:wrap; }\n    .ans-social-sharebar .ans-share-action{ display:inline-flex; align-items:center; justify-content:center; gap:8px; height:36px; padding:0 16px; font-size:14px; border-radius:6px; border:1px solid #e5e5e5; background:#fff; color:#444; text-decoration:none; transition:all .25s ease; }\n    .ans-social-sharebar .ans-share-action:hover{ background:#f5f5f5; }\n    .ans-social-sharebar .ans-share-network{ display:flex; align-items:center; justify-content:center; width:36px; height:36px; border-radius:50%; background:#f2f2f2; transition:all .25s ease; }\n    .ans-social-sharebar .ans-share-network:hover{ box-shadow:0 3px 6px rgba(0,0,0,0.15); }\n    .ans-social-sharebar .ans-share-network svg{ width:20px; height:20px; display:block; }\n    .ans-share-facebook svg, .ans-share-instagram svg{ width:22px; height:22px; }\n    .ans-share-action svg{ width:16px; height:16px; }\n    .ans-share-facebook{color:#1877f2;} .ans-share-x{color:#000;} .ans-share-whatsapp{color:#25D366;} .ans-share-instagram{color:#E1306C;}\n    .ans-share-facebook:hover{background:#e7f0ff;} .ans-share-x:hover{background:#eee;} .ans-share-whatsapp:hover{background:#e9f9ef;} .ans-share-instagram:hover{background:#fdeaf1;}\n    <\/style>\n    <\/div>\n\t\t\t\t\t\t<\/div>\n\t\t\t\t<\/div>\n\t\t\t\t<div class=\"elementor-element elementor-element-6bedc00 elementor-widget elementor-widget-shortcode\" data-id=\"6bedc00\" data-element_type=\"widget\" data-e-type=\"widget\" data-widget_type=\"shortcode.default\">\n\t\t\t\t\t\t\t<div class=\"elementor-shortcode\"><\/div>\n\t\t\t\t\t\t<\/div>\n\t\t\t\t<div class=\"elementor-element elementor-element-86b952d elementor-widget elementor-widget-heading\" data-id=\"86b952d\" data-element_type=\"widget\" data-e-type=\"widget\" data-widget_type=\"heading.default\">\n\t\t\t\t\t<h2 class=\"elementor-heading-title elementor-size-default\">Related News\u200b<\/h2>\t\t\t\t<\/div>\n\t\t\t\t<\/div>\n\t\t\t\t\t<\/div>\n\t\t\t\t<\/div>\n\t\t\t\t<\/div>\n\t\t","protected":false},"excerpt":{"rendered":"<p>(ANS \u2013 Roma) \u2013 Si \u00e8 aperta nella mattinata di luned\u00ed\u00ac 9 marzo, presso la Sede Centrale dei Salesiani di Don Bosco a Roma, la prima Sessione Plenaria del Consiglio Generale nel 2026, appuntamento che si protrarr\u00ed\u00a0 fino al prossimo 17 aprile. <\/p>\n","protected":false},"author":1,"featured_media":2142,"comment_status":"open","ping_status":"open","sticky":false,"template":"elementor_header_footer","format":"standard","meta":{"_angie_page":false,"site-sidebar-layout":"default","site-content-layout":"","ast-site-content-layout":"default","site-content-style":"default","site-sidebar-style":"default","ast-global-header-display":"","ast-banner-title-visibility":"","ast-main-header-display":"","ast-hfb-above-header-display":"","ast-hfb-below-header-display":"","ast-hfb-mobile-header-display":"","site-post-title":"","ast-breadcrumbs-content":"","ast-featured-img":"","footer-sml-layout":"","ast-disable-related-posts":"","theme-transparent-header-meta":"","adv-header-id-meta":"","stick-header-meta":"","header-above-stick-meta":"","header-main-stick-meta":"","header-below-stick-meta":"","astra-migrate-meta-layouts":"default","ast-page-background-enabled":"default","ast-page-background-meta":{"desktop":{"background-color":"var(--ast-global-color-5)","background-image":"","background-repeat":"repeat","background-position":"center center","background-size":"auto","background-attachment":"scroll","background-type":"","background-media":"","overlay-type":"","overlay-color":"","overlay-opacity":"","overlay-gradient":""},"tablet":{"background-color":"","background-image":"","background-repeat":"repeat","background-position":"center center","background-size":"auto","background-attachment":"scroll","background-type":"","background-media":"","overlay-type":"","overlay-color":"","overlay-opacity":"","overlay-gradient":""},"mobile":{"background-color":"","background-image":"","background-repeat":"repeat","background-position":"center center","background-size":"auto","background-attachment":"scroll","background-type":"","background-media":"","overlay-type":"","overlay-color":"","overlay-opacity":"","overlay-gradient":""}},"ast-content-background-meta":{"desktop":{"background-color":"var(--ast-global-color-4)","background-image":"","background-repeat":"repeat","background-position":"center center","background-size":"auto","background-attachment":"scroll","background-type":"","background-media":"","overlay-type":"","overlay-color":"","overlay-opacity":"","overlay-gradient":""},"tablet":{"background-color":"var(--ast-global-color-4)","background-image":"","background-repeat":"repeat","background-position":"center center","background-size":"auto","background-attachment":"scroll","background-type":"","background-media":"","overlay-type":"","overlay-color":"","overlay-opacity":"","overlay-gradient":""},"mobile":{"background-color":"var(--ast-global-color-4)","background-image":"","background-repeat":"repeat","background-position":"center center","background-size":"auto","background-attachment":"scroll","background-type":"","background-media":"","overlay-type":"","overlay-color":"","overlay-opacity":"","overlay-gradient":""}},"page_builder":"","footnotes":""},"categories":[7],"tags":[],"class_list":["post-2141","post","type-post","status-publish","format-standard","has-post-thumbnail","hentry","category-ans-roma"],"yoast_head":"<!-- This site is optimized with the Yoast SEO plugin v27.1.1 - https:\/\/yoast.com\/product\/yoast-seo-wordpress\/ -->\n<title>RMG \u00e2\u20ac\u201c Prima Sessione Plenaria del Consiglio Generale 2026: al via i lavori presso la Sede Centrale Salesiana - ANS - Agenzia iNfo Salesiana<\/title>\n<meta name=\"robots\" content=\"index, follow, max-snippet:-1, max-image-preview:large, max-video-preview:-1\" \/>\n<link rel=\"canonical\" href=\"https:\/\/infoans.demoboscosoft.com\/fr\/rmg-prima-sessione-plenaria-del-consiglio-generale-2026-al-via-i-lavori-presso-la-sede-centrale-salesiana\/\" \/>\n<meta property=\"og:locale\" content=\"fr_FR\" \/>\n<meta property=\"og:type\" content=\"article\" \/>\n<meta property=\"og:title\" content=\"RMG \u00e2\u20ac\u201c Prima Sessione Plenaria del Consiglio Generale 2026: al via i lavori presso la Sede Centrale Salesiana - ANS - Agenzia iNfo Salesiana\" \/>\n<meta property=\"og:description\" content=\"(ANS \u00e2\u20ac\u201c Roma) \u00e2\u20ac\u201c Si \u00c3\u00a8 aperta nella mattinata di luned\u00c3\u00ac 9 marzo, presso la Sede Centrale dei Salesiani di Don Bosco a Roma, la prima Sessione Plenaria del Consiglio Generale nel 2026, appuntamento che si protrarr\u00c3\u00a0 fino al prossimo 17 aprile.\" \/>\n<meta property=\"og:url\" content=\"https:\/\/infoans.demoboscosoft.com\/fr\/rmg-prima-sessione-plenaria-del-consiglio-generale-2026-al-via-i-lavori-presso-la-sede-centrale-salesiana\/\" \/>\n<meta property=\"og:site_name\" content=\"ANS - Agenzia iNfo Salesiana\" \/>\n<meta property=\"article:published_time\" content=\"2026-03-12T10:15:42+00:00\" \/>\n<meta property=\"article:modified_time\" content=\"2026-03-31T10:28:31+00:00\" \/>\n<meta property=\"og:image\" content=\"https:\/\/infoans.demoboscosoft.com\/wp-content\/uploads\/2026\/03\/c1d1fd233fa891db4f09ed0145827ee5_L.jpg\" \/>\n\t<meta property=\"og:image:width\" content=\"655\" \/>\n\t<meta property=\"og:image:height\" content=\"368\" \/>\n\t<meta property=\"og:image:type\" content=\"image\/jpeg\" \/>\n<meta name=\"author\" content=\"root\" \/>\n<meta name=\"twitter:card\" content=\"summary_large_image\" \/>\n<meta name=\"twitter:label1\" content=\"\u00c9crit par\" \/>\n\t<meta name=\"twitter:data1\" content=\"root\" \/>\n\t<meta name=\"twitter:label2\" content=\"Dur\u00e9e de lecture estim\u00e9e\" \/>\n\t<meta name=\"twitter:data2\" content=\"2 minutes\" \/>\n<script type=\"application\/ld+json\" class=\"yoast-schema-graph\">{\"@context\":\"https:\/\/schema.org\",\"@graph\":[{\"@type\":\"Article\",\"@id\":\"https:\/\/infoans.demoboscosoft.com\/fr\/rmg-prima-sessione-plenaria-del-consiglio-generale-2026-al-via-i-lavori-presso-la-sede-centrale-salesiana\/#article\",\"isPartOf\":{\"@id\":\"https:\/\/infoans.demoboscosoft.com\/fr\/rmg-prima-sessione-plenaria-del-consiglio-generale-2026-al-via-i-lavori-presso-la-sede-centrale-salesiana\/\"},\"author\":{\"name\":\"root\",\"@id\":\"https:\/\/infoans.demoboscosoft.com\/fr\/#\/schema\/person\/ab88318d0212baf9f68ffd9f1d679c04\"},\"headline\":\"RMG \u2013 Prima Sessione Plenaria del Consiglio Generale 2026: al via i lavori presso la Sede Centrale Salesiana\",\"datePublished\":\"2026-03-12T10:15:42+00:00\",\"dateModified\":\"2026-03-31T10:28:31+00:00\",\"mainEntityOfPage\":{\"@id\":\"https:\/\/infoans.demoboscosoft.com\/fr\/rmg-prima-sessione-plenaria-del-consiglio-generale-2026-al-via-i-lavori-presso-la-sede-centrale-salesiana\/\"},\"wordCount\":437,\"commentCount\":0,\"image\":{\"@id\":\"https:\/\/infoans.demoboscosoft.com\/fr\/rmg-prima-sessione-plenaria-del-consiglio-generale-2026-al-via-i-lavori-presso-la-sede-centrale-salesiana\/#primaryimage\"},\"thumbnailUrl\":\"https:\/\/infoans.demoboscosoft.com\/wp-content\/uploads\/2026\/03\/c1d1fd233fa891db4f09ed0145827ee5_L.jpg\",\"articleSection\":[\"Ans - Roma\"],\"inLanguage\":\"fr-FR\",\"potentialAction\":[{\"@type\":\"CommentAction\",\"name\":\"Comment\",\"target\":[\"https:\/\/infoans.demoboscosoft.com\/fr\/rmg-prima-sessione-plenaria-del-consiglio-generale-2026-al-via-i-lavori-presso-la-sede-centrale-salesiana\/#respond\"]}]},{\"@type\":\"WebPage\",\"@id\":\"https:\/\/infoans.demoboscosoft.com\/fr\/rmg-prima-sessione-plenaria-del-consiglio-generale-2026-al-via-i-lavori-presso-la-sede-centrale-salesiana\/\",\"url\":\"https:\/\/infoans.demoboscosoft.com\/fr\/rmg-prima-sessione-plenaria-del-consiglio-generale-2026-al-via-i-lavori-presso-la-sede-centrale-salesiana\/\",\"name\":\"RMG \u00e2\u20ac\u201c Prima Sessione Plenaria del Consiglio Generale 2026: al via i lavori presso la Sede Centrale Salesiana - ANS - Agenzia iNfo Salesiana\",\"isPartOf\":{\"@id\":\"https:\/\/infoans.demoboscosoft.com\/fr\/#website\"},\"primaryImageOfPage\":{\"@id\":\"https:\/\/infoans.demoboscosoft.com\/fr\/rmg-prima-sessione-plenaria-del-consiglio-generale-2026-al-via-i-lavori-presso-la-sede-centrale-salesiana\/#primaryimage\"},\"image\":{\"@id\":\"https:\/\/infoans.demoboscosoft.com\/fr\/rmg-prima-sessione-plenaria-del-consiglio-generale-2026-al-via-i-lavori-presso-la-sede-centrale-salesiana\/#primaryimage\"},\"thumbnailUrl\":\"https:\/\/infoans.demoboscosoft.com\/wp-content\/uploads\/2026\/03\/c1d1fd233fa891db4f09ed0145827ee5_L.jpg\",\"datePublished\":\"2026-03-12T10:15:42+00:00\",\"dateModified\":\"2026-03-31T10:28:31+00:00\",\"author\":{\"@id\":\"https:\/\/infoans.demoboscosoft.com\/fr\/#\/schema\/person\/ab88318d0212baf9f68ffd9f1d679c04\"},\"breadcrumb\":{\"@id\":\"https:\/\/infoans.demoboscosoft.com\/fr\/rmg-prima-sessione-plenaria-del-consiglio-generale-2026-al-via-i-lavori-presso-la-sede-centrale-salesiana\/#breadcrumb\"},\"inLanguage\":\"fr-FR\",\"potentialAction\":[{\"@type\":\"ReadAction\",\"target\":[\"https:\/\/infoans.demoboscosoft.com\/fr\/rmg-prima-sessione-plenaria-del-consiglio-generale-2026-al-via-i-lavori-presso-la-sede-centrale-salesiana\/\"]}]},{\"@type\":\"ImageObject\",\"inLanguage\":\"fr-FR\",\"@id\":\"https:\/\/infoans.demoboscosoft.com\/fr\/rmg-prima-sessione-plenaria-del-consiglio-generale-2026-al-via-i-lavori-presso-la-sede-centrale-salesiana\/#primaryimage\",\"url\":\"https:\/\/infoans.demoboscosoft.com\/wp-content\/uploads\/2026\/03\/c1d1fd233fa891db4f09ed0145827ee5_L.jpg\",\"contentUrl\":\"https:\/\/infoans.demoboscosoft.com\/wp-content\/uploads\/2026\/03\/c1d1fd233fa891db4f09ed0145827ee5_L.jpg\",\"width\":655,\"height\":368},{\"@type\":\"BreadcrumbList\",\"@id\":\"https:\/\/infoans.demoboscosoft.com\/fr\/rmg-prima-sessione-plenaria-del-consiglio-generale-2026-al-via-i-lavori-presso-la-sede-centrale-salesiana\/#breadcrumb\",\"itemListElement\":[{\"@type\":\"ListItem\",\"position\":1,\"name\":\"Home\",\"item\":\"https:\/\/infoans.demoboscosoft.com\/fr\/\"},{\"@type\":\"ListItem\",\"position\":2,\"name\":\"RMG \u2013 Prima Sessione Plenaria del Consiglio Generale 2026: al via i lavori presso la Sede Centrale Salesiana\"}]},{\"@type\":\"WebSite\",\"@id\":\"https:\/\/infoans.demoboscosoft.com\/fr\/#website\",\"url\":\"https:\/\/infoans.demoboscosoft.com\/fr\/\",\"name\":\"ANS - Agenzia iNfo Salesiana\",\"description\":\"\",\"potentialAction\":[{\"@type\":\"SearchAction\",\"target\":{\"@type\":\"EntryPoint\",\"urlTemplate\":\"https:\/\/infoans.demoboscosoft.com\/fr\/?s={search_term_string}\"},\"query-input\":{\"@type\":\"PropertyValueSpecification\",\"valueRequired\":true,\"valueName\":\"search_term_string\"}}],\"inLanguage\":\"fr-FR\"},{\"@type\":\"Person\",\"@id\":\"https:\/\/infoans.demoboscosoft.com\/fr\/#\/schema\/person\/ab88318d0212baf9f68ffd9f1d679c04\",\"name\":\"root\",\"image\":{\"@type\":\"ImageObject\",\"inLanguage\":\"fr-FR\",\"@id\":\"https:\/\/infoans.demoboscosoft.com\/fr\/#\/schema\/person\/image\/\",\"url\":\"https:\/\/secure.gravatar.com\/avatar\/8df31f9371321641284d378aeb586d5fc658f6ef976788c88ebe945f176d8c65?s=96&d=mm&r=g\",\"contentUrl\":\"https:\/\/secure.gravatar.com\/avatar\/8df31f9371321641284d378aeb586d5fc658f6ef976788c88ebe945f176d8c65?s=96&d=mm&r=g\",\"caption\":\"root\"},\"sameAs\":[\"https:\/\/infoans.demoboscosoft.com\"],\"url\":\"https:\/\/infoans.demoboscosoft.com\/fr\/author\/root\/\"}]}<\/script>\n<!-- \/ Yoast SEO plugin. -->","yoast_head_json":{"title":"RMG \u00e2\u20ac\u201c Prima Sessione Plenaria del Consiglio Generale 2026: al via i lavori presso la Sede Centrale Salesiana - ANS - Agenzia iNfo Salesiana","robots":{"index":"index","follow":"follow","max-snippet":"max-snippet:-1","max-image-preview":"max-image-preview:large","max-video-preview":"max-video-preview:-1"},"canonical":"https:\/\/infoans.demoboscosoft.com\/fr\/rmg-prima-sessione-plenaria-del-consiglio-generale-2026-al-via-i-lavori-presso-la-sede-centrale-salesiana\/","og_locale":"fr_FR","og_type":"article","og_title":"RMG \u00e2\u20ac\u201c Prima Sessione Plenaria del Consiglio Generale 2026: al via i lavori presso la Sede Centrale Salesiana - ANS - Agenzia iNfo Salesiana","og_description":"(ANS \u00e2\u20ac\u201c Roma) \u00e2\u20ac\u201c Si \u00c3\u00a8 aperta nella mattinata di luned\u00c3\u00ac 9 marzo, presso la Sede Centrale dei Salesiani di Don Bosco a Roma, la prima Sessione Plenaria del Consiglio Generale nel 2026, appuntamento che si protrarr\u00c3\u00a0 fino al prossimo 17 aprile.","og_url":"https:\/\/infoans.demoboscosoft.com\/fr\/rmg-prima-sessione-plenaria-del-consiglio-generale-2026-al-via-i-lavori-presso-la-sede-centrale-salesiana\/","og_site_name":"ANS - Agenzia iNfo Salesiana","article_published_time":"2026-03-12T10:15:42+00:00","article_modified_time":"2026-03-31T10:28:31+00:00","og_image":[{"width":655,"height":368,"url":"https:\/\/infoans.demoboscosoft.com\/wp-content\/uploads\/2026\/03\/c1d1fd233fa891db4f09ed0145827ee5_L.jpg","type":"image\/jpeg"}],"author":"root","twitter_card":"summary_large_image","twitter_misc":{"\u00c9crit par":"root","Dur\u00e9e de lecture estim\u00e9e":"2 minutes"},"schema":{"@context":"https:\/\/schema.org","@graph":[{"@type":"Article","@id":"https:\/\/infoans.demoboscosoft.com\/fr\/rmg-prima-sessione-plenaria-del-consiglio-generale-2026-al-via-i-lavori-presso-la-sede-centrale-salesiana\/#article","isPartOf":{"@id":"https:\/\/infoans.demoboscosoft.com\/fr\/rmg-prima-sessione-plenaria-del-consiglio-generale-2026-al-via-i-lavori-presso-la-sede-centrale-salesiana\/"},"author":{"name":"root","@id":"https:\/\/infoans.demoboscosoft.com\/fr\/#\/schema\/person\/ab88318d0212baf9f68ffd9f1d679c04"},"headline":"RMG \u2013 Prima Sessione Plenaria del Consiglio Generale 2026: al via i lavori presso la Sede Centrale Salesiana","datePublished":"2026-03-12T10:15:42+00:00","dateModified":"2026-03-31T10:28:31+00:00","mainEntityOfPage":{"@id":"https:\/\/infoans.demoboscosoft.com\/fr\/rmg-prima-sessione-plenaria-del-consiglio-generale-2026-al-via-i-lavori-presso-la-sede-centrale-salesiana\/"},"wordCount":437,"commentCount":0,"image":{"@id":"https:\/\/infoans.demoboscosoft.com\/fr\/rmg-prima-sessione-plenaria-del-consiglio-generale-2026-al-via-i-lavori-presso-la-sede-centrale-salesiana\/#primaryimage"},"thumbnailUrl":"https:\/\/infoans.demoboscosoft.com\/wp-content\/uploads\/2026\/03\/c1d1fd233fa891db4f09ed0145827ee5_L.jpg","articleSection":["Ans - Roma"],"inLanguage":"fr-FR","potentialAction":[{"@type":"CommentAction","name":"Comment","target":["https:\/\/infoans.demoboscosoft.com\/fr\/rmg-prima-sessione-plenaria-del-consiglio-generale-2026-al-via-i-lavori-presso-la-sede-centrale-salesiana\/#respond"]}]},{"@type":"WebPage","@id":"https:\/\/infoans.demoboscosoft.com\/fr\/rmg-prima-sessione-plenaria-del-consiglio-generale-2026-al-via-i-lavori-presso-la-sede-centrale-salesiana\/","url":"https:\/\/infoans.demoboscosoft.com\/fr\/rmg-prima-sessione-plenaria-del-consiglio-generale-2026-al-via-i-lavori-presso-la-sede-centrale-salesiana\/","name":"RMG \u00e2\u20ac\u201c Prima Sessione Plenaria del Consiglio Generale 2026: al via i lavori presso la Sede Centrale Salesiana - ANS - Agenzia iNfo Salesiana","isPartOf":{"@id":"https:\/\/infoans.demoboscosoft.com\/fr\/#website"},"primaryImageOfPage":{"@id":"https:\/\/infoans.demoboscosoft.com\/fr\/rmg-prima-sessione-plenaria-del-consiglio-generale-2026-al-via-i-lavori-presso-la-sede-centrale-salesiana\/#primaryimage"},"image":{"@id":"https:\/\/infoans.demoboscosoft.com\/fr\/rmg-prima-sessione-plenaria-del-consiglio-generale-2026-al-via-i-lavori-presso-la-sede-centrale-salesiana\/#primaryimage"},"thumbnailUrl":"https:\/\/infoans.demoboscosoft.com\/wp-content\/uploads\/2026\/03\/c1d1fd233fa891db4f09ed0145827ee5_L.jpg","datePublished":"2026-03-12T10:15:42+00:00","dateModified":"2026-03-31T10:28:31+00:00","author":{"@id":"https:\/\/infoans.demoboscosoft.com\/fr\/#\/schema\/person\/ab88318d0212baf9f68ffd9f1d679c04"},"breadcrumb":{"@id":"https:\/\/infoans.demoboscosoft.com\/fr\/rmg-prima-sessione-plenaria-del-consiglio-generale-2026-al-via-i-lavori-presso-la-sede-centrale-salesiana\/#breadcrumb"},"inLanguage":"fr-FR","potentialAction":[{"@type":"ReadAction","target":["https:\/\/infoans.demoboscosoft.com\/fr\/rmg-prima-sessione-plenaria-del-consiglio-generale-2026-al-via-i-lavori-presso-la-sede-centrale-salesiana\/"]}]},{"@type":"ImageObject","inLanguage":"fr-FR","@id":"https:\/\/infoans.demoboscosoft.com\/fr\/rmg-prima-sessione-plenaria-del-consiglio-generale-2026-al-via-i-lavori-presso-la-sede-centrale-salesiana\/#primaryimage","url":"https:\/\/infoans.demoboscosoft.com\/wp-content\/uploads\/2026\/03\/c1d1fd233fa891db4f09ed0145827ee5_L.jpg","contentUrl":"https:\/\/infoans.demoboscosoft.com\/wp-content\/uploads\/2026\/03\/c1d1fd233fa891db4f09ed0145827ee5_L.jpg","width":655,"height":368},{"@type":"BreadcrumbList","@id":"https:\/\/infoans.demoboscosoft.com\/fr\/rmg-prima-sessione-plenaria-del-consiglio-generale-2026-al-via-i-lavori-presso-la-sede-centrale-salesiana\/#breadcrumb","itemListElement":[{"@type":"ListItem","position":1,"name":"Home","item":"https:\/\/infoans.demoboscosoft.com\/fr\/"},{"@type":"ListItem","position":2,"name":"RMG \u2013 Prima Sessione Plenaria del Consiglio Generale 2026: al via i lavori presso la Sede Centrale Salesiana"}]},{"@type":"WebSite","@id":"https:\/\/infoans.demoboscosoft.com\/fr\/#website","url":"https:\/\/infoans.demoboscosoft.com\/fr\/","name":"ANS - Agenzia iNfo Salesiana","description":"","potentialAction":[{"@type":"SearchAction","target":{"@type":"EntryPoint","urlTemplate":"https:\/\/infoans.demoboscosoft.com\/fr\/?s={search_term_string}"},"query-input":{"@type":"PropertyValueSpecification","valueRequired":true,"valueName":"search_term_string"}}],"inLanguage":"fr-FR"},{"@type":"Person","@id":"https:\/\/infoans.demoboscosoft.com\/fr\/#\/schema\/person\/ab88318d0212baf9f68ffd9f1d679c04","name":"root","image":{"@type":"ImageObject","inLanguage":"fr-FR","@id":"https:\/\/infoans.demoboscosoft.com\/fr\/#\/schema\/person\/image\/","url":"https:\/\/secure.gravatar.com\/avatar\/8df31f9371321641284d378aeb586d5fc658f6ef976788c88ebe945f176d8c65?s=96&d=mm&r=g","contentUrl":"https:\/\/secure.gravatar.com\/avatar\/8df31f9371321641284d378aeb586d5fc658f6ef976788c88ebe945f176d8c65?s=96&d=mm&r=g","caption":"root"},"sameAs":["https:\/\/infoans.demoboscosoft.com"],"url":"https:\/\/infoans.demoboscosoft.com\/fr\/author\/root\/"}]}},"_links":{"self":[{"href":"https:\/\/infoans.demoboscosoft.com\/fr\/wp-json\/wp\/v2\/posts\/2141","targetHints":{"allow":["GET"]}}],"collection":[{"href":"https:\/\/infoans.demoboscosoft.com\/fr\/wp-json\/wp\/v2\/posts"}],"about":[{"href":"https:\/\/infoans.demoboscosoft.com\/fr\/wp-json\/wp\/v2\/types\/post"}],"author":[{"embeddable":true,"href":"https:\/\/infoans.demoboscosoft.com\/fr\/wp-json\/wp\/v2\/users\/1"}],"replies":[{"embeddable":true,"href":"https:\/\/infoans.demoboscosoft.com\/fr\/wp-json\/wp\/v2\/comments?post=2141"}],"version-history":[{"count":52,"href":"https:\/\/infoans.demoboscosoft.com\/fr\/wp-json\/wp\/v2\/posts\/2141\/revisions"}],"predecessor-version":[{"id":4650,"href":"https:\/\/infoans.demoboscosoft.com\/fr\/wp-json\/wp\/v2\/posts\/2141\/revisions\/4650"}],"wp:featuredmedia":[{"embeddable":true,"href":"https:\/\/infoans.demoboscosoft.com\/fr\/wp-json\/wp\/v2\/media\/2142"}],"wp:attachment":[{"href":"https:\/\/infoans.demoboscosoft.com\/fr\/wp-json\/wp\/v2\/media?parent=2141"}],"wp:term":[{"taxonomy":"category","embeddable":true,"href":"https:\/\/infoans.demoboscosoft.com\/fr\/wp-json\/wp\/v2\/categories?post=2141"},{"taxonomy":"post_tag","embeddable":true,"href":"https:\/\/infoans.demoboscosoft.com\/fr\/wp-json\/wp\/v2\/tags?post=2141"}],"curies":[{"name":"wp","href":"https:\/\/api.w.org\/{rel}","templated":true}]}}