{"id":3411,"date":"2026-03-28T05:39:07","date_gmt":"2026-03-28T05:39:07","guid":{"rendered":"https:\/\/infoans.demoboscosoft.com\/?p=3411"},"modified":"2026-03-31T10:11:32","modified_gmt":"2026-03-31T10:11:32","slug":"rmg-meeting-of-advocacy-coordinators-from-the-salesian-youth-ministry-central-team","status":"publish","type":"post","link":"https:\/\/infoans.demoboscosoft.com\/fr\/rmg-meeting-of-advocacy-coordinators-from-the-salesian-youth-ministry-central-team\/","title":{"rendered":"RMG \u2013 Meeting of advocacy coordinators from the Salesian Youth Ministry central team"},"content":{"rendered":"\t\t<div data-elementor-type=\"wp-post\" data-elementor-id=\"3411\" class=\"elementor elementor-3411\" data-elementor-post-type=\"post\">\n\t\t\t\t<div class=\"elementor-element elementor-element-7e3c5ba e-flex e-con-boxed e-con e-parent\" data-id=\"7e3c5ba\" data-element_type=\"container\" data-e-type=\"container\" data-settings=\"{&quot;background_background&quot;:&quot;classic&quot;}\">\n\t\t\t\t\t<div class=\"e-con-inner\">\n\t\t<div class=\"elementor-element elementor-element-708c46e e-con-full e-flex e-con e-child\" data-id=\"708c46e\" data-element_type=\"container\" data-e-type=\"container\">\n\t\t\t\t<div class=\"elementor-element elementor-element-be15731 elementor-widget elementor-widget-breadcrumbs\" data-id=\"be15731\" data-element_type=\"widget\" data-e-type=\"widget\" data-widget_type=\"breadcrumbs.default\">\n\t\t\t\t\t<p id=\"breadcrumbs\"><span><span><a href=\"https:\/\/infoans.demoboscosoft.com\/fr\/\">Home<\/a><\/span><\/span><\/p>\t\t\t\t<\/div>\n\t\t\t\t<div class=\"elementor-element elementor-element-017fe4a elementor-widget elementor-widget-post-info\" data-id=\"017fe4a\" data-element_type=\"widget\" data-e-type=\"widget\" data-widget_type=\"post-info.default\">\n\t\t\t\t\t\t\t<ul class=\"elementor-inline-items elementor-icon-list-items elementor-post-info\">\n\t\t\t\t\t\t\t\t<li class=\"elementor-icon-list-item elementor-repeater-item-e1d422c elementor-inline-item\" itemprop=\"datePublished\">\n\t\t\t\t\t\t\t\t\t\t<span class=\"elementor-icon-list-icon\">\n\t\t\t\t\t\t\t\t<svg aria-hidden=\"true\" class=\"e-font-icon-svg e-fas-calendar\" viewBox=\"0 0 448 512\" xmlns=\"http:\/\/www.w3.org\/2000\/svg\"><path d=\"M12 192h424c6.6 0 12 5.4 12 12v260c0 26.5-21.5 48-48 48H48c-26.5 0-48-21.5-48-48V204c0-6.6 5.4-12 12-12zm436-44v-36c0-26.5-21.5-48-48-48h-48V12c0-6.6-5.4-12-12-12h-40c-6.6 0-12 5.4-12 12v52H160V12c0-6.6-5.4-12-12-12h-40c-6.6 0-12 5.4-12 12v52H48C21.5 64 0 85.5 0 112v36c0 6.6 5.4 12 12 12h424c6.6 0 12-5.4 12-12z\"><\/path><\/svg>\t\t\t\t\t\t\t<\/span>\n\t\t\t\t\t\t\t\t\t<span class=\"elementor-icon-list-text elementor-post-info__item elementor-post-info__item--type-date\">\n\t\t\t\t\t\t\t\t\t\t<time>28 mars 2026<\/time>\t\t\t\t\t<\/span>\n\t\t\t\t\t\t\t\t<\/li>\n\t\t\t\t<\/ul>\n\t\t\t\t\t\t<\/div>\n\t\t\t\t<\/div>\n\t\t<div class=\"elementor-element elementor-element-80bdc3e e-con-full e-flex e-con e-child\" data-id=\"80bdc3e\" data-element_type=\"container\" data-e-type=\"container\">\n\t\t\t\t<div class=\"elementor-element elementor-element-4443bc7 elementor-widget__width-initial elementor-widget elementor-widget-image\" data-id=\"4443bc7\" data-element_type=\"widget\" data-e-type=\"widget\" data-widget_type=\"image.default\">\n\t\t\t\t\t\t\t\t\t\t\t\t<figure class=\"wp-caption\">\n\t\t\t\t\t\t\t\t\t\t<img fetchpriority=\"high\" decoding=\"async\" width=\"655\" height=\"368\" src=\"https:\/\/infoans.demoboscosoft.com\/wp-content\/uploads\/2026\/03\/ced69e36dada4603c6ada3f3425e6985_L.jpg\" class=\"attachment-large size-large wp-image-3412\" alt=\"\" srcset=\"https:\/\/infoans.demoboscosoft.com\/wp-content\/uploads\/2026\/03\/ced69e36dada4603c6ada3f3425e6985_L.jpg 655w, https:\/\/infoans.demoboscosoft.com\/wp-content\/uploads\/2026\/03\/ced69e36dada4603c6ada3f3425e6985_L-300x169.jpg 300w\" sizes=\"(max-width: 655px) 100vw, 655px\" \/>\t\t\t\t\t\t\t\t\t\t\t<figcaption class=\"widget-image-caption wp-caption-text\"><\/figcaption>\n\t\t\t\t\t\t\t\t\t\t<\/figure>\n\t\t\t\t\t\t\t\t\t<\/div>\n\t\t\t\t<\/div>\n\t\t<div class=\"elementor-element elementor-element-695c60a e-con-full e-flex e-con e-child\" data-id=\"695c60a\" data-element_type=\"container\" data-e-type=\"container\">\n\t\t\t\t<div class=\"elementor-element elementor-element-09a45d3 elementor-widget elementor-widget-text-editor\" data-id=\"09a45d3\" data-element_type=\"widget\" data-e-type=\"widget\" data-widget_type=\"text-editor.default\">\n\t\t\t\t\t\t\t\t\t<p>(ANS \u2013 Rome) \u2013 Representatives of the advocacy section of the Salesian Youth Ministry central team of gathered in Rome from 25 to 27 March 2026 for a meeting of reflection and coordination, led by the Rector Major, Fr Fabio Attard, with the aim of strengthening the identity and effectiveness of the Salesian presence in key international forums.<\/p><p>The meeting was a significant opportunity to consolidate the joint work between the various members of the group, called upon to operate in complex and constantly changing global contexts. In particular, the Rector Major invited the participants to start from a fundamental element: the clarity of Salesian identity.<\/p><p>In his address he emphasised that in a world marked by cultural and social fragmentation, there is a risk of losing one\u2019s originality. Hence he reiterated that the Salesian mission does not consist in opposition, but in the ability to engage with reality through a clear and proactive identity.<\/p><p>Referring to the figure of Don Bosco, the Rector Major highlighted his ability to read the signs of the times and to respond with creativity and an integral vision. The founder of the Salesians \u2013 he explained \u2013 did not limit himself to reproducing existing models, but built an educational approach capable of integrating formation, accompaniment, the spiritual dimension and the social integration of young people.<\/p><p>One of the central points of the meeting was the need to establish a shared working method. The participants reflected on the need to define a common agenda, capable of fostering communication, coordination and regular dialogue among team members.<\/p><p>In this regard, the importance of creating regular opportunities for meeting, including online, to share information, processes and decisions was emphasised, thereby strengthening the collegial dimension of the work.<\/p><p>A further point that emerged concerned the responsibility of representation in international contexts. The Rector Major urged everyone to act always in communion with the Congregation, avoiding isolated initiatives and paying attention to the dynamics of collaboration with other organisations.<\/p><p>In this regard, he warned against the risk of being exploited, emphasising the need to discern alliances and forms of participation carefully, including, where appropriate, choosing to participate as observers.<\/p><p>\u201cOur processes must always be consistent with our identity and mission,\u201d was something oft repeated during the meeting, highlighting the need for coordinated and informed action.<\/p><p>The gathering also highlighted the importance of greater internal coordination between the various sectors of the Congregation, promoting more fluid communication and shared processes.<\/p><p>The meeting concluded with a reminder of the profound meaning of every act of advocacy: service to young people, particularly the most vulnerable. Within this framework, every strategic choice finds its most authentic meaning in the Salesian mission.<\/p>\t\t\t\t\t\t\t\t<\/div>\n\t\t\t\t<\/div>\n\t\t<div class=\"elementor-element elementor-element-6fc383c e-con-full e-flex e-con e-child\" data-id=\"6fc383c\" data-element_type=\"container\" data-e-type=\"container\">\n\t\t<div class=\"elementor-element elementor-element-1a91b82 e-con-full e-flex e-con e-child\" data-id=\"1a91b82\" data-element_type=\"container\" data-e-type=\"container\">\n\t\t\t\t<div class=\"elementor-element elementor-element-8812d1f elementor-widget__width-initial elementor-widget elementor-widget-image\" data-id=\"8812d1f\" data-element_type=\"widget\" data-e-type=\"widget\" data-widget_type=\"image.default\">\n\t\t\t\t\t\t\t\t\t\t\t\t\t\t\t<img decoding=\"async\" width=\"655\" height=\"370\" src=\"https:\/\/infoans.demoboscosoft.com\/wp-content\/uploads\/2026\/03\/img1.jpg\" class=\"attachment-full size-full wp-image-3452\" alt=\"\" srcset=\"https:\/\/infoans.demoboscosoft.com\/wp-content\/uploads\/2026\/03\/img1.jpg 655w, https:\/\/infoans.demoboscosoft.com\/wp-content\/uploads\/2026\/03\/img1-300x169.jpg 300w\" sizes=\"(max-width: 655px) 100vw, 655px\" \/>\t\t\t\t\t\t\t\t\t\t\t\t\t\t\t<\/div>\n\t\t\t\t<\/div>\n\t\t<div class=\"elementor-element elementor-element-3aab6a5 e-con-full e-flex e-con e-child\" data-id=\"3aab6a5\" data-element_type=\"container\" data-e-type=\"container\">\n\t\t\t\t<div class=\"elementor-element elementor-element-a2a5f7a elementor-widget__width-initial elementor-widget elementor-widget-image\" data-id=\"a2a5f7a\" data-element_type=\"widget\" data-e-type=\"widget\" data-widget_type=\"image.default\">\n\t\t\t\t\t\t\t\t\t\t\t\t\t\t\t<img decoding=\"async\" width=\"1280\" height=\"720\" src=\"https:\/\/infoans.demoboscosoft.com\/wp-content\/uploads\/2026\/03\/WhatsApp-Image-2026-03-27-at-08.24.52-1.jpeg\" class=\"attachment-full size-full wp-image-3416\" alt=\"\" srcset=\"https:\/\/infoans.demoboscosoft.com\/wp-content\/uploads\/2026\/03\/WhatsApp-Image-2026-03-27-at-08.24.52-1.jpeg 1280w, https:\/\/infoans.demoboscosoft.com\/wp-content\/uploads\/2026\/03\/WhatsApp-Image-2026-03-27-at-08.24.52-1-300x169.jpeg 300w, https:\/\/infoans.demoboscosoft.com\/wp-content\/uploads\/2026\/03\/WhatsApp-Image-2026-03-27-at-08.24.52-1-1024x576.jpeg 1024w, https:\/\/infoans.demoboscosoft.com\/wp-content\/uploads\/2026\/03\/WhatsApp-Image-2026-03-27-at-08.24.52-1-768x432.jpeg 768w\" sizes=\"(max-width: 1280px) 100vw, 1280px\" \/>\t\t\t\t\t\t\t\t\t\t\t\t\t\t\t<\/div>\n\t\t\t\t<\/div>\n\t\t<div class=\"elementor-element elementor-element-a14b18c e-con-full e-flex e-con e-child\" data-id=\"a14b18c\" data-element_type=\"container\" data-e-type=\"container\">\n\t\t\t\t<div class=\"elementor-element elementor-element-9ff36ae elementor-widget__width-initial elementor-widget elementor-widget-image\" data-id=\"9ff36ae\" data-element_type=\"widget\" data-e-type=\"widget\" data-widget_type=\"image.default\">\n\t\t\t\t\t\t\t\t\t\t\t\t\t\t\t<img loading=\"lazy\" decoding=\"async\" width=\"1280\" height=\"720\" src=\"https:\/\/infoans.demoboscosoft.com\/wp-content\/uploads\/2026\/03\/WhatsApp-Image-2026-03-27-at-08.24.52.jpeg\" class=\"attachment-full size-full wp-image-3423\" alt=\"\" srcset=\"https:\/\/infoans.demoboscosoft.com\/wp-content\/uploads\/2026\/03\/WhatsApp-Image-2026-03-27-at-08.24.52.jpeg 1280w, https:\/\/infoans.demoboscosoft.com\/wp-content\/uploads\/2026\/03\/WhatsApp-Image-2026-03-27-at-08.24.52-300x169.jpeg 300w, https:\/\/infoans.demoboscosoft.com\/wp-content\/uploads\/2026\/03\/WhatsApp-Image-2026-03-27-at-08.24.52-1024x576.jpeg 1024w, https:\/\/infoans.demoboscosoft.com\/wp-content\/uploads\/2026\/03\/WhatsApp-Image-2026-03-27-at-08.24.52-768x432.jpeg 768w\" sizes=\"(max-width: 1280px) 100vw, 1280px\" \/>\t\t\t\t\t\t\t\t\t\t\t\t\t\t\t<\/div>\n\t\t\t\t<\/div>\n\t\t\t\t<\/div>\n\t\t<div class=\"elementor-element elementor-element-5c9d40d e-con-full e-flex e-con e-child\" data-id=\"5c9d40d\" data-element_type=\"container\" data-e-type=\"container\">\n\t\t<div class=\"elementor-element elementor-element-c9d6881 e-con-full e-flex e-con e-child\" data-id=\"c9d6881\" data-element_type=\"container\" data-e-type=\"container\">\n\t\t\t\t<div class=\"elementor-element elementor-element-75e30a0 elementor-widget elementor-widget-shortcode\" data-id=\"75e30a0\" data-element_type=\"widget\" data-e-type=\"widget\" data-widget_type=\"shortcode.default\">\n\t\t\t\t\t\t\t<div class=\"elementor-shortcode\">    <div class=\"ans-social-sharebar\" data-ans-share-url=\"https:\/\/infoans.demoboscosoft.com\/fr\/rmg-meeting-of-advocacy-coordinators-from-the-salesian-youth-ministry-central-team\/\">\n        <a class=\"ans-share-action ans-share-send\" href=\"mailto:?subject=RMG%20%E2%80%93%20Meeting%20of%20advocacy%20coordinators%20from%20the%20Salesian%20Youth%20Ministry%20central%20team&#038;body=RMG%20%E2%80%93%20Meeting%20of%20advocacy%20coordinators%20from%20the%20Salesian%20Youth%20Ministry%20central%20team%20-%20https%3A%2F%2Finfoans.demoboscosoft.com%2Ffr%2Frmg-meeting-of-advocacy-coordinators-from-the-salesian-youth-ministry-central-team%2F\">\n            <span class=\"ans-share-icon\" aria-hidden=\"true\" style=\"margin-top:6px;\"><svg viewBox=\"0 0 24 24\" width=\"16\" height=\"16\" fill=\"currentColor\" stroke=\"currentColor\" stroke-width=\"1\"><path d=\"M3 5.75A1.75 1.75 0 0 1 4.75 4h14.5A1.75 1.75 0 0 1 21 5.75v12.5A1.75 1.75 0 0 1 19.25 20H4.75A1.75 1.75 0 0 1 3 18.25V5.75Zm2.01.75L12 11.28 18.99 6.5H5.01ZM19.5 8.09l-6.65 4.55a1.5 1.5 0 0 1-1.7 0L4.5 8.09v10.16c0 .14.11.25.25.25h14.5a.25.25 0 0 0 .25-.25V8.09Z\"\/><\/svg><\/span>\n            <span class=\"ans-share-label\">Send<\/span>\n        <\/a>    \n       <a class=\"ans-share-action ans-share-print\" href=\"https:\/\/infoans.demoboscosoft.com\/fr\/rmg-meeting-of-advocacy-coordinators-from-the-salesian-youth-ministry-central-team\/?ans-print=1\" target=\"_blank\" aria-label=\"Print this page\">\n            <span class=\"ans-share-icon\" aria-hidden=\"true\"><svg viewBox=\"0 0 24 24\" width=\"16\" height=\"16\" style=\"margin-top: 8px; color: #666363;\" fill=\"currentColor\"><path d=\"M6 9V3h12v6H6zm12 2h1a3 3 0 0 1 3 3v4h-4v3H6v-3H2v-4a3 3 0 0 1 3-3h1v4h12v-4z\"\/><\/svg><\/span>\n            <span class=\"ans-share-label\">Print<\/span>\n        <\/a>\n        <a class=\"ans-share-network ans-share-facebook\" href=\"https:\/\/www.facebook.com\/sharer\/sharer.php?u=https%3A%2F%2Finfoans.demoboscosoft.com%2Ffr%2Frmg-meeting-of-advocacy-coordinators-from-the-salesian-youth-ministry-central-team%2F\" target=\"_blank\" rel=\"noopener noreferrer\" aria-label=\"Share on Facebook\"><svg viewBox=\"0 0 24 24\" width=\"20\" height=\"20\" fill=\"currentColor\"><path d=\"M13.5 21v-7h2.34l.35-2.73H13.5V9.53c0-.79.22-1.33 1.36-1.33H16.3V5.76c-.25-.03-1.11-.1-2.1-.1-2.08 0-3.5 1.27-3.5 3.6v2.01H8.35V14h2.35v7h2.8Z\"\/><\/svg><\/a>\n        <a class=\"ans-share-network ans-share-x\" href=\"https:\/\/twitter.com\/intent\/tweet?url=https%3A%2F%2Finfoans.demoboscosoft.com%2Ffr%2Frmg-meeting-of-advocacy-coordinators-from-the-salesian-youth-ministry-central-team%2F&#038;text=RMG%20%E2%80%93%20Meeting%20of%20advocacy%20coordinators%20from%20the%20Salesian%20Youth%20Ministry%20central%20team\" target=\"_blank\" rel=\"noopener noreferrer\" aria-label=\"Share on X\"><svg viewBox=\"0 0 24 24\" width=\"20\" height=\"20\" fill=\"currentColor\"><path d=\"M3 3h4.72l4.3 6.14L17.52 3H21l-7.31 8.36L21 21h-4.72l-4.57-6.52L5.98 21H3l7.54-8.63L3 3Z\"\/><\/svg><\/a>\n        <a class=\"ans-share-network ans-share-whatsapp\" href=\"https:\/\/api.whatsapp.com\/send?text=RMG%20%E2%80%93%20Meeting%20of%20advocacy%20coordinators%20from%20the%20Salesian%20Youth%20Ministry%20central%20team%20-%20https%3A%2F%2Finfoans.demoboscosoft.com%2Ffr%2Frmg-meeting-of-advocacy-coordinators-from-the-salesian-youth-ministry-central-team%2F\" target=\"_blank\" rel=\"noopener noreferrer\" aria-label=\"Share on WhatsApp\"><svg viewBox=\"0 0 24 24\" width=\"20\" height=\"20\" fill=\"currentColor\"><path d=\"M20.52 3.48A11.86 11.86 0 0 0 12.06 0C5.6 0 .34 5.25.34 11.72c0 2.06.54 4.08 1.55 5.86L0 24l6.58-1.88a11.73 11.73 0 0 0 5.48 1.4h.01c6.46 0 11.72-5.26 11.73-11.73a11.63 11.63 0 0 0-3.28-8.3Zm-8.46 18a9.74 9.74 0 0 1-4.96-1.36l-.36-.21-3.91 1.12 1.14-3.81-.23-.39a9.75 9.75 0 1 1 8.32 4.65Zm5.35-7.32c-.3-.15-1.75-.86-2.03-.96-.27-.1-.47-.15-.67.15-.2.3-.77.96-.95 1.15-.17.2-.34.22-.64.08-.3-.15-1.24-.46-2.37-1.47-.87-.78-1.46-1.75-1.63-2.04-.17-.3-.02-.46.13-.61.14-.14.3-.34.45-.5.15-.18.2-.3.3-.5.1-.2.05-.38-.02-.53-.08-.15-.67-1.62-.92-2.22-.24-.58-.48-.5-.67-.5h-.57c-.2 0-.52.08-.8.38-.27.3-1.04 1.01-1.04 2.45s1.07 2.83 1.22 3.02c.15.2 2.09 3.19 5.06 4.47.71.31 1.27.5 1.7.64.72.23 1.37.2 1.89.12.58-.09 1.75-.72 2-1.41.25-.69.25-1.28.17-1.41-.07-.13-.27-.2-.57-.35Z\"\/><\/svg><\/a>\n        <a class=\"ans-share-network ans-share-instagram\" href=\"https:\/\/www.instagram.com\/agenziainfosalesiana\/\" target=\"_blank\" rel=\"noopener noreferrer\" aria-label=\"Instagram\"><svg viewBox=\"0 0 24 24\" width=\"20\" height=\"20\" fill=\"currentColor\"><path d=\"M7.75 2h8.5A5.75 5.75 0 0 1 22 7.75v8.5A5.75 5.75 0 0 1 16.25 22h-8.5A5.75 5.75 0 0 1 2 16.25v-8.5A5.75 5.75 0 0 1 7.75 2Zm0 1.8A3.95 3.95 0 0 0 3.8 7.75v8.5a3.95 3.95 0 0 0 3.95 3.95h8.5a3.95 3.95 0 0 0 3.95-3.95v-8.5a3.95 3.95 0 0 0-3.95-3.95h-8.5Zm8.95 1.35a1.15 1.15 0 1 1 0 2.3 1.15 1.15 0 0 1 0-2.3ZM12 7a5 5 0 1 1 0 10 5 5 0 0 1 0-10Zm0 1.8A3.2 3.2 0 1 0 12 15.2 3.2 3.2 0 0 0 12 8.8Z\"\/><\/svg><\/a>\n    <\/div>\n    <style>\n    .ans-social-sharebar{ display:flex; margin-left:0px; align-items:center; gap:12px; flex-wrap:wrap; }\n    .ans-social-sharebar .ans-share-action{ display:inline-flex; align-items:center; justify-content:center; gap:8px; height:36px; padding:0 16px; font-size:14px; border-radius:6px; border:1px solid #e5e5e5; background:#fff; color:#444; text-decoration:none; transition:all .25s ease; }\n    .ans-social-sharebar .ans-share-action:hover{ background:#f5f5f5; }\n    .ans-social-sharebar .ans-share-network{ display:flex; align-items:center; justify-content:center; width:36px; height:36px; border-radius:50%; background:#f2f2f2; transition:all .25s ease; }\n    .ans-social-sharebar .ans-share-network:hover{ box-shadow:0 3px 6px rgba(0,0,0,0.15); }\n    .ans-social-sharebar .ans-share-network svg{ width:20px; height:20px; display:block; }\n    .ans-share-facebook svg, .ans-share-instagram svg{ width:22px; height:22px; }\n    .ans-share-action svg{ width:16px; height:16px; }\n    .ans-share-facebook{color:#1877f2;} .ans-share-x{color:#000;} .ans-share-whatsapp{color:#25D366;} .ans-share-instagram{color:#E1306C;}\n    .ans-share-facebook:hover{background:#e7f0ff;} .ans-share-x:hover{background:#eee;} .ans-share-whatsapp:hover{background:#e9f9ef;} .ans-share-instagram:hover{background:#fdeaf1;}\n    <\/style>\n    <\/div>\n\t\t\t\t\t\t<\/div>\n\t\t\t\t<\/div>\n\t\t\t\t<div class=\"elementor-element elementor-element-db6af3e elementor-widget elementor-widget-shortcode\" data-id=\"db6af3e\" data-element_type=\"widget\" data-e-type=\"widget\" data-widget_type=\"shortcode.default\">\n\t\t\t\t\t\t\t<div class=\"elementor-shortcode\"><div class=\"ans-single-post-topics\" style=\"display:flex; align-items:center; margin:0; font-family:'Source Sans 3', sans-serif; letter-spacing:0.6px; font-weight:500; flex-wrap:wrap; gap:8px;\"><div style=\"color:rgb(106 106 106); font-size:14px; font-family:'Source Sans 3', sans-serif; font-weight:500; margin-right:10px;\">Tags<\/div><a href=\"https:\/\/infoans.demoboscosoft.com\/tag\/salesian-news\/\" class=\"ans-tag-badge\">Salesian News<\/a><\/div><\/div>\n\t\t\t\t\t\t<\/div>\n\t\t\t\t<div class=\"elementor-element elementor-element-6fd099f elementor-widget elementor-widget-heading\" data-id=\"6fd099f\" data-element_type=\"widget\" data-e-type=\"widget\" data-widget_type=\"heading.default\">\n\t\t\t\t\t<h2 class=\"elementor-heading-title elementor-size-default\">Related News\u200b<\/h2>\t\t\t\t<\/div>\n\t\t\t\t<\/div>\n\t\t\t\t\t<\/div>\n\t\t\t\t<\/div>\n\t\t\t\t<\/div>\n\t\t","protected":false},"excerpt":{"rendered":"<p>(ANS \u2013 Rome) \u2013 Representatives of the advocacy section of the Salesian Youth Ministry central team<\/p>\n","protected":false},"author":1,"featured_media":3412,"comment_status":"open","ping_status":"open","sticky":false,"template":"elementor_header_footer","format":"standard","meta":{"_angie_page":false,"site-sidebar-layout":"default","site-content-layout":"","ast-site-content-layout":"default","site-content-style":"default","site-sidebar-style":"default","ast-global-header-display":"","ast-banner-title-visibility":"","ast-main-header-display":"","ast-hfb-above-header-display":"","ast-hfb-below-header-display":"","ast-hfb-mobile-header-display":"","site-post-title":"","ast-breadcrumbs-content":"","ast-featured-img":"","footer-sml-layout":"","ast-disable-related-posts":"","theme-transparent-header-meta":"","adv-header-id-meta":"","stick-header-meta":"","header-above-stick-meta":"","header-main-stick-meta":"","header-below-stick-meta":"","astra-migrate-meta-layouts":"default","ast-page-background-enabled":"default","ast-page-background-meta":{"desktop":{"background-color":"var(--ast-global-color-5)","background-image":"","background-repeat":"repeat","background-position":"center center","background-size":"auto","background-attachment":"scroll","background-type":"","background-media":"","overlay-type":"","overlay-color":"","overlay-opacity":"","overlay-gradient":""},"tablet":{"background-color":"","background-image":"","background-repeat":"repeat","background-position":"center center","background-size":"auto","background-attachment":"scroll","background-type":"","background-media":"","overlay-type":"","overlay-color":"","overlay-opacity":"","overlay-gradient":""},"mobile":{"background-color":"","background-image":"","background-repeat":"repeat","background-position":"center center","background-size":"auto","background-attachment":"scroll","background-type":"","background-media":"","overlay-type":"","overlay-color":"","overlay-opacity":"","overlay-gradient":""}},"ast-content-background-meta":{"desktop":{"background-color":"var(--ast-global-color-4)","background-image":"","background-repeat":"repeat","background-position":"center center","background-size":"auto","background-attachment":"scroll","background-type":"","background-media":"","overlay-type":"","overlay-color":"","overlay-opacity":"","overlay-gradient":""},"tablet":{"background-color":"var(--ast-global-color-4)","background-image":"","background-repeat":"repeat","background-position":"center center","background-size":"auto","background-attachment":"scroll","background-type":"","background-media":"","overlay-type":"","overlay-color":"","overlay-opacity":"","overlay-gradient":""},"mobile":{"background-color":"var(--ast-global-color-4)","background-image":"","background-repeat":"repeat","background-position":"center center","background-size":"auto","background-attachment":"scroll","background-type":"","background-media":"","overlay-type":"","overlay-color":"","overlay-opacity":"","overlay-gradient":""}},"page_builder":"","footnotes":""},"categories":[17],"tags":[74],"class_list":["post-3411","post","type-post","status-publish","format-standard","has-post-thumbnail","hentry","category-rector-major","tag-salesian-news"],"yoast_head":"<!-- This site is optimized with the Yoast SEO plugin v27.1.1 - https:\/\/yoast.com\/product\/yoast-seo-wordpress\/ -->\n<title>RMG \u2013 Meeting of advocacy coordinators from the Salesian Youth Ministry central team - ANS - Agenzia iNfo Salesiana<\/title>\n<meta name=\"robots\" content=\"index, follow, max-snippet:-1, max-image-preview:large, max-video-preview:-1\" \/>\n<link rel=\"canonical\" href=\"https:\/\/infoans.demoboscosoft.com\/fr\/rmg-meeting-of-advocacy-coordinators-from-the-salesian-youth-ministry-central-team\/\" \/>\n<meta property=\"og:locale\" content=\"fr_FR\" \/>\n<meta property=\"og:type\" content=\"article\" \/>\n<meta property=\"og:title\" content=\"RMG \u2013 Meeting of advocacy coordinators from the Salesian Youth Ministry central team - ANS - Agenzia iNfo Salesiana\" \/>\n<meta property=\"og:description\" content=\"(ANS \u2013 Rome) \u2013 Representatives of the advocacy section of the Salesian Youth Ministry central team\" \/>\n<meta property=\"og:url\" content=\"https:\/\/infoans.demoboscosoft.com\/fr\/rmg-meeting-of-advocacy-coordinators-from-the-salesian-youth-ministry-central-team\/\" \/>\n<meta property=\"og:site_name\" content=\"ANS - Agenzia iNfo Salesiana\" \/>\n<meta property=\"article:published_time\" content=\"2026-03-28T05:39:07+00:00\" \/>\n<meta property=\"article:modified_time\" content=\"2026-03-31T10:11:32+00:00\" \/>\n<meta property=\"og:image\" content=\"https:\/\/infoans.demoboscosoft.com\/wp-content\/uploads\/2026\/03\/ced69e36dada4603c6ada3f3425e6985_L.jpg\" \/>\n\t<meta property=\"og:image:width\" content=\"655\" \/>\n\t<meta property=\"og:image:height\" content=\"368\" \/>\n\t<meta property=\"og:image:type\" content=\"image\/jpeg\" \/>\n<meta name=\"author\" content=\"root\" \/>\n<meta name=\"twitter:card\" content=\"summary_large_image\" \/>\n<meta name=\"twitter:label1\" content=\"\u00c9crit par\" \/>\n\t<meta name=\"twitter:data1\" content=\"root\" \/>\n\t<meta name=\"twitter:label2\" content=\"Dur\u00e9e de lecture estim\u00e9e\" \/>\n\t<meta name=\"twitter:data2\" content=\"2 minutes\" \/>\n<script type=\"application\/ld+json\" class=\"yoast-schema-graph\">{\"@context\":\"https:\/\/schema.org\",\"@graph\":[{\"@type\":\"Article\",\"@id\":\"https:\/\/infoans.demoboscosoft.com\/fr\/rmg-meeting-of-advocacy-coordinators-from-the-salesian-youth-ministry-central-team\/#article\",\"isPartOf\":{\"@id\":\"https:\/\/infoans.demoboscosoft.com\/fr\/rmg-meeting-of-advocacy-coordinators-from-the-salesian-youth-ministry-central-team\/\"},\"author\":{\"name\":\"root\",\"@id\":\"https:\/\/infoans.demoboscosoft.com\/fr\/#\/schema\/person\/ab88318d0212baf9f68ffd9f1d679c04\"},\"headline\":\"RMG \u2013 Meeting of advocacy coordinators from the Salesian Youth Ministry central team\",\"datePublished\":\"2026-03-28T05:39:07+00:00\",\"dateModified\":\"2026-03-31T10:11:32+00:00\",\"mainEntityOfPage\":{\"@id\":\"https:\/\/infoans.demoboscosoft.com\/fr\/rmg-meeting-of-advocacy-coordinators-from-the-salesian-youth-ministry-central-team\/\"},\"wordCount\":461,\"commentCount\":0,\"image\":{\"@id\":\"https:\/\/infoans.demoboscosoft.com\/fr\/rmg-meeting-of-advocacy-coordinators-from-the-salesian-youth-ministry-central-team\/#primaryimage\"},\"thumbnailUrl\":\"https:\/\/infoans.demoboscosoft.com\/wp-content\/uploads\/2026\/03\/ced69e36dada4603c6ada3f3425e6985_L.jpg\",\"keywords\":[\"Salesian News\"],\"articleSection\":[\"Rector Major\"],\"inLanguage\":\"fr-FR\",\"potentialAction\":[{\"@type\":\"CommentAction\",\"name\":\"Comment\",\"target\":[\"https:\/\/infoans.demoboscosoft.com\/fr\/rmg-meeting-of-advocacy-coordinators-from-the-salesian-youth-ministry-central-team\/#respond\"]}]},{\"@type\":\"WebPage\",\"@id\":\"https:\/\/infoans.demoboscosoft.com\/fr\/rmg-meeting-of-advocacy-coordinators-from-the-salesian-youth-ministry-central-team\/\",\"url\":\"https:\/\/infoans.demoboscosoft.com\/fr\/rmg-meeting-of-advocacy-coordinators-from-the-salesian-youth-ministry-central-team\/\",\"name\":\"RMG \u2013 Meeting of advocacy coordinators from the Salesian Youth Ministry central team - ANS - Agenzia iNfo Salesiana\",\"isPartOf\":{\"@id\":\"https:\/\/infoans.demoboscosoft.com\/fr\/#website\"},\"primaryImageOfPage\":{\"@id\":\"https:\/\/infoans.demoboscosoft.com\/fr\/rmg-meeting-of-advocacy-coordinators-from-the-salesian-youth-ministry-central-team\/#primaryimage\"},\"image\":{\"@id\":\"https:\/\/infoans.demoboscosoft.com\/fr\/rmg-meeting-of-advocacy-coordinators-from-the-salesian-youth-ministry-central-team\/#primaryimage\"},\"thumbnailUrl\":\"https:\/\/infoans.demoboscosoft.com\/wp-content\/uploads\/2026\/03\/ced69e36dada4603c6ada3f3425e6985_L.jpg\",\"datePublished\":\"2026-03-28T05:39:07+00:00\",\"dateModified\":\"2026-03-31T10:11:32+00:00\",\"author\":{\"@id\":\"https:\/\/infoans.demoboscosoft.com\/fr\/#\/schema\/person\/ab88318d0212baf9f68ffd9f1d679c04\"},\"breadcrumb\":{\"@id\":\"https:\/\/infoans.demoboscosoft.com\/fr\/rmg-meeting-of-advocacy-coordinators-from-the-salesian-youth-ministry-central-team\/#breadcrumb\"},\"inLanguage\":\"fr-FR\",\"potentialAction\":[{\"@type\":\"ReadAction\",\"target\":[\"https:\/\/infoans.demoboscosoft.com\/fr\/rmg-meeting-of-advocacy-coordinators-from-the-salesian-youth-ministry-central-team\/\"]}]},{\"@type\":\"ImageObject\",\"inLanguage\":\"fr-FR\",\"@id\":\"https:\/\/infoans.demoboscosoft.com\/fr\/rmg-meeting-of-advocacy-coordinators-from-the-salesian-youth-ministry-central-team\/#primaryimage\",\"url\":\"https:\/\/infoans.demoboscosoft.com\/wp-content\/uploads\/2026\/03\/ced69e36dada4603c6ada3f3425e6985_L.jpg\",\"contentUrl\":\"https:\/\/infoans.demoboscosoft.com\/wp-content\/uploads\/2026\/03\/ced69e36dada4603c6ada3f3425e6985_L.jpg\",\"width\":655,\"height\":368},{\"@type\":\"BreadcrumbList\",\"@id\":\"https:\/\/infoans.demoboscosoft.com\/fr\/rmg-meeting-of-advocacy-coordinators-from-the-salesian-youth-ministry-central-team\/#breadcrumb\",\"itemListElement\":[{\"@type\":\"ListItem\",\"position\":1,\"name\":\"Home\",\"item\":\"https:\/\/infoans.demoboscosoft.com\/fr\/\"},{\"@type\":\"ListItem\",\"position\":2,\"name\":\"RMG \u2013 Meeting of advocacy coordinators from the Salesian Youth Ministry central team\"}]},{\"@type\":\"WebSite\",\"@id\":\"https:\/\/infoans.demoboscosoft.com\/fr\/#website\",\"url\":\"https:\/\/infoans.demoboscosoft.com\/fr\/\",\"name\":\"ANS - Agenzia iNfo Salesiana\",\"description\":\"\",\"potentialAction\":[{\"@type\":\"SearchAction\",\"target\":{\"@type\":\"EntryPoint\",\"urlTemplate\":\"https:\/\/infoans.demoboscosoft.com\/fr\/?s={search_term_string}\"},\"query-input\":{\"@type\":\"PropertyValueSpecification\",\"valueRequired\":true,\"valueName\":\"search_term_string\"}}],\"inLanguage\":\"fr-FR\"},{\"@type\":\"Person\",\"@id\":\"https:\/\/infoans.demoboscosoft.com\/fr\/#\/schema\/person\/ab88318d0212baf9f68ffd9f1d679c04\",\"name\":\"root\",\"image\":{\"@type\":\"ImageObject\",\"inLanguage\":\"fr-FR\",\"@id\":\"https:\/\/infoans.demoboscosoft.com\/fr\/#\/schema\/person\/image\/\",\"url\":\"https:\/\/secure.gravatar.com\/avatar\/8df31f9371321641284d378aeb586d5fc658f6ef976788c88ebe945f176d8c65?s=96&d=mm&r=g\",\"contentUrl\":\"https:\/\/secure.gravatar.com\/avatar\/8df31f9371321641284d378aeb586d5fc658f6ef976788c88ebe945f176d8c65?s=96&d=mm&r=g\",\"caption\":\"root\"},\"sameAs\":[\"https:\/\/infoans.demoboscosoft.com\"],\"url\":\"https:\/\/infoans.demoboscosoft.com\/fr\/author\/root\/\"}]}<\/script>\n<!-- \/ Yoast SEO plugin. -->","yoast_head_json":{"title":"RMG \u2013 Meeting of advocacy coordinators from the Salesian Youth Ministry central team - ANS - Agenzia iNfo Salesiana","robots":{"index":"index","follow":"follow","max-snippet":"max-snippet:-1","max-image-preview":"max-image-preview:large","max-video-preview":"max-video-preview:-1"},"canonical":"https:\/\/infoans.demoboscosoft.com\/fr\/rmg-meeting-of-advocacy-coordinators-from-the-salesian-youth-ministry-central-team\/","og_locale":"fr_FR","og_type":"article","og_title":"RMG \u2013 Meeting of advocacy coordinators from the Salesian Youth Ministry central team - ANS - Agenzia iNfo Salesiana","og_description":"(ANS \u2013 Rome) \u2013 Representatives of the advocacy section of the Salesian Youth Ministry central team","og_url":"https:\/\/infoans.demoboscosoft.com\/fr\/rmg-meeting-of-advocacy-coordinators-from-the-salesian-youth-ministry-central-team\/","og_site_name":"ANS - Agenzia iNfo Salesiana","article_published_time":"2026-03-28T05:39:07+00:00","article_modified_time":"2026-03-31T10:11:32+00:00","og_image":[{"width":655,"height":368,"url":"https:\/\/infoans.demoboscosoft.com\/wp-content\/uploads\/2026\/03\/ced69e36dada4603c6ada3f3425e6985_L.jpg","type":"image\/jpeg"}],"author":"root","twitter_card":"summary_large_image","twitter_misc":{"\u00c9crit par":"root","Dur\u00e9e de lecture estim\u00e9e":"2 minutes"},"schema":{"@context":"https:\/\/schema.org","@graph":[{"@type":"Article","@id":"https:\/\/infoans.demoboscosoft.com\/fr\/rmg-meeting-of-advocacy-coordinators-from-the-salesian-youth-ministry-central-team\/#article","isPartOf":{"@id":"https:\/\/infoans.demoboscosoft.com\/fr\/rmg-meeting-of-advocacy-coordinators-from-the-salesian-youth-ministry-central-team\/"},"author":{"name":"root","@id":"https:\/\/infoans.demoboscosoft.com\/fr\/#\/schema\/person\/ab88318d0212baf9f68ffd9f1d679c04"},"headline":"RMG \u2013 Meeting of advocacy coordinators from the Salesian Youth Ministry central team","datePublished":"2026-03-28T05:39:07+00:00","dateModified":"2026-03-31T10:11:32+00:00","mainEntityOfPage":{"@id":"https:\/\/infoans.demoboscosoft.com\/fr\/rmg-meeting-of-advocacy-coordinators-from-the-salesian-youth-ministry-central-team\/"},"wordCount":461,"commentCount":0,"image":{"@id":"https:\/\/infoans.demoboscosoft.com\/fr\/rmg-meeting-of-advocacy-coordinators-from-the-salesian-youth-ministry-central-team\/#primaryimage"},"thumbnailUrl":"https:\/\/infoans.demoboscosoft.com\/wp-content\/uploads\/2026\/03\/ced69e36dada4603c6ada3f3425e6985_L.jpg","keywords":["Salesian News"],"articleSection":["Rector Major"],"inLanguage":"fr-FR","potentialAction":[{"@type":"CommentAction","name":"Comment","target":["https:\/\/infoans.demoboscosoft.com\/fr\/rmg-meeting-of-advocacy-coordinators-from-the-salesian-youth-ministry-central-team\/#respond"]}]},{"@type":"WebPage","@id":"https:\/\/infoans.demoboscosoft.com\/fr\/rmg-meeting-of-advocacy-coordinators-from-the-salesian-youth-ministry-central-team\/","url":"https:\/\/infoans.demoboscosoft.com\/fr\/rmg-meeting-of-advocacy-coordinators-from-the-salesian-youth-ministry-central-team\/","name":"RMG \u2013 Meeting of advocacy coordinators from the Salesian Youth Ministry central team - ANS - Agenzia iNfo Salesiana","isPartOf":{"@id":"https:\/\/infoans.demoboscosoft.com\/fr\/#website"},"primaryImageOfPage":{"@id":"https:\/\/infoans.demoboscosoft.com\/fr\/rmg-meeting-of-advocacy-coordinators-from-the-salesian-youth-ministry-central-team\/#primaryimage"},"image":{"@id":"https:\/\/infoans.demoboscosoft.com\/fr\/rmg-meeting-of-advocacy-coordinators-from-the-salesian-youth-ministry-central-team\/#primaryimage"},"thumbnailUrl":"https:\/\/infoans.demoboscosoft.com\/wp-content\/uploads\/2026\/03\/ced69e36dada4603c6ada3f3425e6985_L.jpg","datePublished":"2026-03-28T05:39:07+00:00","dateModified":"2026-03-31T10:11:32+00:00","author":{"@id":"https:\/\/infoans.demoboscosoft.com\/fr\/#\/schema\/person\/ab88318d0212baf9f68ffd9f1d679c04"},"breadcrumb":{"@id":"https:\/\/infoans.demoboscosoft.com\/fr\/rmg-meeting-of-advocacy-coordinators-from-the-salesian-youth-ministry-central-team\/#breadcrumb"},"inLanguage":"fr-FR","potentialAction":[{"@type":"ReadAction","target":["https:\/\/infoans.demoboscosoft.com\/fr\/rmg-meeting-of-advocacy-coordinators-from-the-salesian-youth-ministry-central-team\/"]}]},{"@type":"ImageObject","inLanguage":"fr-FR","@id":"https:\/\/infoans.demoboscosoft.com\/fr\/rmg-meeting-of-advocacy-coordinators-from-the-salesian-youth-ministry-central-team\/#primaryimage","url":"https:\/\/infoans.demoboscosoft.com\/wp-content\/uploads\/2026\/03\/ced69e36dada4603c6ada3f3425e6985_L.jpg","contentUrl":"https:\/\/infoans.demoboscosoft.com\/wp-content\/uploads\/2026\/03\/ced69e36dada4603c6ada3f3425e6985_L.jpg","width":655,"height":368},{"@type":"BreadcrumbList","@id":"https:\/\/infoans.demoboscosoft.com\/fr\/rmg-meeting-of-advocacy-coordinators-from-the-salesian-youth-ministry-central-team\/#breadcrumb","itemListElement":[{"@type":"ListItem","position":1,"name":"Home","item":"https:\/\/infoans.demoboscosoft.com\/fr\/"},{"@type":"ListItem","position":2,"name":"RMG \u2013 Meeting of advocacy coordinators from the Salesian Youth Ministry central team"}]},{"@type":"WebSite","@id":"https:\/\/infoans.demoboscosoft.com\/fr\/#website","url":"https:\/\/infoans.demoboscosoft.com\/fr\/","name":"ANS - Agenzia iNfo Salesiana","description":"","potentialAction":[{"@type":"SearchAction","target":{"@type":"EntryPoint","urlTemplate":"https:\/\/infoans.demoboscosoft.com\/fr\/?s={search_term_string}"},"query-input":{"@type":"PropertyValueSpecification","valueRequired":true,"valueName":"search_term_string"}}],"inLanguage":"fr-FR"},{"@type":"Person","@id":"https:\/\/infoans.demoboscosoft.com\/fr\/#\/schema\/person\/ab88318d0212baf9f68ffd9f1d679c04","name":"root","image":{"@type":"ImageObject","inLanguage":"fr-FR","@id":"https:\/\/infoans.demoboscosoft.com\/fr\/#\/schema\/person\/image\/","url":"https:\/\/secure.gravatar.com\/avatar\/8df31f9371321641284d378aeb586d5fc658f6ef976788c88ebe945f176d8c65?s=96&d=mm&r=g","contentUrl":"https:\/\/secure.gravatar.com\/avatar\/8df31f9371321641284d378aeb586d5fc658f6ef976788c88ebe945f176d8c65?s=96&d=mm&r=g","caption":"root"},"sameAs":["https:\/\/infoans.demoboscosoft.com"],"url":"https:\/\/infoans.demoboscosoft.com\/fr\/author\/root\/"}]}},"_links":{"self":[{"href":"https:\/\/infoans.demoboscosoft.com\/fr\/wp-json\/wp\/v2\/posts\/3411","targetHints":{"allow":["GET"]}}],"collection":[{"href":"https:\/\/infoans.demoboscosoft.com\/fr\/wp-json\/wp\/v2\/posts"}],"about":[{"href":"https:\/\/infoans.demoboscosoft.com\/fr\/wp-json\/wp\/v2\/types\/post"}],"author":[{"embeddable":true,"href":"https:\/\/infoans.demoboscosoft.com\/fr\/wp-json\/wp\/v2\/users\/1"}],"replies":[{"embeddable":true,"href":"https:\/\/infoans.demoboscosoft.com\/fr\/wp-json\/wp\/v2\/comments?post=3411"}],"version-history":[{"count":16,"href":"https:\/\/infoans.demoboscosoft.com\/fr\/wp-json\/wp\/v2\/posts\/3411\/revisions"}],"predecessor-version":[{"id":4601,"href":"https:\/\/infoans.demoboscosoft.com\/fr\/wp-json\/wp\/v2\/posts\/3411\/revisions\/4601"}],"wp:featuredmedia":[{"embeddable":true,"href":"https:\/\/infoans.demoboscosoft.com\/fr\/wp-json\/wp\/v2\/media\/3412"}],"wp:attachment":[{"href":"https:\/\/infoans.demoboscosoft.com\/fr\/wp-json\/wp\/v2\/media?parent=3411"}],"wp:term":[{"taxonomy":"category","embeddable":true,"href":"https:\/\/infoans.demoboscosoft.com\/fr\/wp-json\/wp\/v2\/categories?post=3411"},{"taxonomy":"post_tag","embeddable":true,"href":"https:\/\/infoans.demoboscosoft.com\/fr\/wp-json\/wp\/v2\/tags?post=3411"}],"curies":[{"name":"wp","href":"https:\/\/api.w.org\/{rel}","templated":true}]}}