{"id":3728,"date":"2026-03-30T06:52:21","date_gmt":"2026-03-30T06:52:21","guid":{"rendered":"https:\/\/infoans.demoboscosoft.com\/?p=3728"},"modified":"2026-04-08T10:06:18","modified_gmt":"2026-04-08T10:06:18","slug":"spain-salesian-easter-will-bring-together-around-2000-participants-to-experience-the-faith-during-holy-week-2","status":"publish","type":"post","link":"https:\/\/infoans.demoboscosoft.com\/fr\/spain-salesian-easter-will-bring-together-around-2000-participants-to-experience-the-faith-during-holy-week-2\/","title":{"rendered":"Spain \u2013 Salesian Easter will bring together around 2,000 participants to experience the faith during Holy Week"},"content":{"rendered":"\t\t<div data-elementor-type=\"wp-post\" data-elementor-id=\"3728\" class=\"elementor elementor-3728\" data-elementor-post-type=\"post\">\n\t\t\t\t<div class=\"elementor-element elementor-element-e84cddd e-flex e-con-boxed e-con e-parent\" data-id=\"e84cddd\" data-element_type=\"container\" data-e-type=\"container\" data-settings=\"{&quot;background_background&quot;:&quot;classic&quot;}\">\n\t\t\t\t\t<div class=\"e-con-inner\">\n\t\t<div class=\"elementor-element elementor-element-45925c8 e-con-full e-flex e-con e-child\" data-id=\"45925c8\" data-element_type=\"container\" data-e-type=\"container\">\n\t\t\t\t<div class=\"elementor-element elementor-element-a44a871 elementor-widget elementor-widget-breadcrumbs\" data-id=\"a44a871\" data-element_type=\"widget\" data-e-type=\"widget\" data-widget_type=\"breadcrumbs.default\">\n\t\t\t\t\t<p id=\"breadcrumbs\"><span><span><a href=\"https:\/\/infoans.demoboscosoft.com\/fr\/\">Home<\/a><\/span><\/span><\/p>\t\t\t\t<\/div>\n\t\t\t\t<div class=\"elementor-element elementor-element-49bc92e elementor-widget elementor-widget-post-info\" data-id=\"49bc92e\" data-element_type=\"widget\" data-e-type=\"widget\" data-widget_type=\"post-info.default\">\n\t\t\t\t\t\t\t<ul class=\"elementor-inline-items elementor-icon-list-items elementor-post-info\">\n\t\t\t\t\t\t\t\t<li class=\"elementor-icon-list-item elementor-repeater-item-e1d422c elementor-inline-item\" itemprop=\"datePublished\">\n\t\t\t\t\t\t\t\t\t\t<span class=\"elementor-icon-list-icon\">\n\t\t\t\t\t\t\t\t<svg aria-hidden=\"true\" class=\"e-font-icon-svg e-fas-calendar\" viewBox=\"0 0 448 512\" xmlns=\"http:\/\/www.w3.org\/2000\/svg\"><path d=\"M12 192h424c6.6 0 12 5.4 12 12v260c0 26.5-21.5 48-48 48H48c-26.5 0-48-21.5-48-48V204c0-6.6 5.4-12 12-12zm436-44v-36c0-26.5-21.5-48-48-48h-48V12c0-6.6-5.4-12-12-12h-40c-6.6 0-12 5.4-12 12v52H160V12c0-6.6-5.4-12-12-12h-40c-6.6 0-12 5.4-12 12v52H48C21.5 64 0 85.5 0 112v36c0 6.6 5.4 12 12 12h424c6.6 0 12-5.4 12-12z\"><\/path><\/svg>\t\t\t\t\t\t\t<\/span>\n\t\t\t\t\t\t\t\t\t<span class=\"elementor-icon-list-text elementor-post-info__item elementor-post-info__item--type-date\">\n\t\t\t\t\t\t\t\t\t\t<time>30 mars 2026<\/time>\t\t\t\t\t<\/span>\n\t\t\t\t\t\t\t\t<\/li>\n\t\t\t\t<\/ul>\n\t\t\t\t\t\t<\/div>\n\t\t\t\t<\/div>\n\t\t<div class=\"elementor-element elementor-element-f593d73 e-con-full e-flex e-con e-child\" data-id=\"f593d73\" data-element_type=\"container\" data-e-type=\"container\">\n\t\t\t\t<div class=\"elementor-element elementor-element-d1819c4 elementor-widget__width-initial elementor-widget elementor-widget-image\" data-id=\"d1819c4\" data-element_type=\"widget\" data-e-type=\"widget\" data-widget_type=\"image.default\">\n\t\t\t\t\t\t\t\t\t\t\t\t<figure class=\"wp-caption\">\n\t\t\t\t\t\t\t\t\t\t<img fetchpriority=\"high\" decoding=\"async\" width=\"1140\" height=\"500\" src=\"https:\/\/infoans.demoboscosoft.com\/wp-content\/uploads\/2026\/03\/image2.png\" class=\"attachment-full size-full wp-image-3997\" alt=\"\" srcset=\"https:\/\/infoans.demoboscosoft.com\/wp-content\/uploads\/2026\/03\/image2.png 1140w, https:\/\/infoans.demoboscosoft.com\/wp-content\/uploads\/2026\/03\/image2-300x132.png 300w, https:\/\/infoans.demoboscosoft.com\/wp-content\/uploads\/2026\/03\/image2-1024x449.png 1024w, https:\/\/infoans.demoboscosoft.com\/wp-content\/uploads\/2026\/03\/image2-768x337.png 768w\" sizes=\"(max-width: 1140px) 100vw, 1140px\" \/>\t\t\t\t\t\t\t\t\t\t\t<figcaption class=\"widget-image-caption wp-caption-text\"><\/figcaption>\n\t\t\t\t\t\t\t\t\t\t<\/figure>\n\t\t\t\t\t\t\t\t\t<\/div>\n\t\t\t\t<\/div>\n\t\t<div class=\"elementor-element elementor-element-22cdd4e e-con-full e-flex e-con e-child\" data-id=\"22cdd4e\" data-element_type=\"container\" data-e-type=\"container\">\n\t\t\t\t<div class=\"elementor-element elementor-element-8dacbbb elementor-widget elementor-widget-text-editor\" data-id=\"8dacbbb\" data-element_type=\"widget\" data-e-type=\"widget\" data-widget_type=\"text-editor.default\">\n\t\t\t\t\t\t\t\t\t<div class=\"itemIntroText\"><p><strong>(ANS \u2013 Madrid)<\/strong>\u00a0\u2013 Under the slogan \u201cA love that makes history\u201d, around 2,000 young people from Salesian communities, aged between 16 and 25, will experience Holy Week through events organised especially for them. Theatre performances, spiritual exercises, the Camino de Santiago, retreats, and the participation of Salesian associations in processions are among the initiatives planned for this special time.<\/p><\/div><div class=\"itemFullText\"><p>Alongside the young people, several hundred youth leaders and Salesians will accompany the participants during these days, organising times of prayer, group activities, personal reflection and the religious celebrations typical of the Easter Triduum.<\/p><p>On this occasion it is expected that around 2,000 participants, aged between 16 and 25, will enjoy this experience to deepen their living of the Christian faith, under the motto \u201cA love that makes history\u201d. This slogan encapsulates the central themes of the pastoral campaigns for this academic year of the Salesian Sisters \u2013 \u201cTrust\u201d \u2013 and the Salesians \u2013 \u201cProtagonists of history\u201d\u2013.<\/p><p>The gatherings will take place at various locations across Spain and on three levels, according to the participants\u2019 ages. Salesian houses such as those in Ar\u00e9valo, La Adrada, Mohernando, Cambados, La Orotava, Utrera, Antequera, San Jos\u00e9 del Valle, Burriana, Alcoy, Elche, Alicante, Villena, Ibi, Cartagena, Can Mas (Torrelles de Llobregat), and Valencia-San Juan Bosco and Valencia-San Antonio Abad. There will also be gatherings designed for families, such as those in Mohernando and Somalo, and the opportunity to experience Easter by walking the Camino de Santiago, such as the \u2018Easter on the Camino\u2019 from Lal\u00edn to Santiago de Compostela.<\/p><\/div>\t\t\t\t\t\t\t\t<\/div>\n\t\t\t\t<div class=\"elementor-element elementor-element-997ca20 elementor-widget elementor-widget-heading\" data-id=\"997ca20\" data-element_type=\"widget\" data-e-type=\"widget\" data-widget_type=\"heading.default\">\n\t\t\t\t\t<h2 class=\"elementor-heading-title elementor-size-default\">Lent, a time of preparation for Easter<\/h2>\t\t\t\t<\/div>\n\t\t\t\t<div class=\"elementor-element elementor-element-8d3733a elementor-widget elementor-widget-text-editor\" data-id=\"8d3733a\" data-element_type=\"widget\" data-e-type=\"widget\" data-widget_type=\"text-editor.default\">\n\t\t\t\t\t\t\t\t\t<p>Salesian houses have lived the season of Lent intensely as a special time of spiritual preparation for Easter. Numerous young people in schools, youth centres and social platforms have taken part in prayer initiatives, retreats and times of fellowship to prepare for the Easter season.<\/p><p>In addition to educational centres, parishes have also offered spaces for prayer and reflection, as well as opportunities to celebrate the sacrament of reconciliation.<\/p><p>Alongside these initiatives, retreat days have been organised for religious, as well as for lay groups within the Salesian Family, and days of Christian fellowship for educators and youth leaders. Further retreat sessions will take place after Holy Week, some of which will be held online.<\/p><p>Another experience that is becoming an annual tradition is the Camino de Santiago, in which pupils and teachers from various schools take part. Pilgrims from Salesian centres in Ciudad Real, Madrid, Aranjuez, C\u00f3rdoba, Alicante and Cartagena, amongst others, have joined together on the Camino.<\/p>\t\t\t\t\t\t\t\t<\/div>\n\t\t\t\t<div class=\"elementor-element elementor-element-f25143f elementor-widget elementor-widget-heading\" data-id=\"f25143f\" data-element_type=\"widget\" data-e-type=\"widget\" data-widget_type=\"heading.default\">\n\t\t\t\t\t<h2 class=\"elementor-heading-title elementor-size-default\">Artistic expression and popular devotion<\/h2>\t\t\t\t<\/div>\n\t\t\t\t<div class=\"elementor-element elementor-element-fc38ad1 elementor-widget elementor-widget-text-editor\" data-id=\"fc38ad1\" data-element_type=\"widget\" data-e-type=\"widget\" data-widget_type=\"text-editor.default\">\n\t\t\t\t\t\t\t\t\t<p>In some Salesian houses, plays about the Passion of Christ are performed, such as \u2018La Pasi\u00f3n de Cristo\u2019 by the La Far\u00e1ndula Don Bosco theatre group of the Past Pupils of Seville-Trinidad, at the Mar\u00eda Auxiliadora Theatre in Seville on 20 and 21 March, or \u2018La Pasi\u00f3n\u2019, an event that has marked Holy Week in Huesca for almost 80 years, with a production by the Manolo Mart\u00ednez theatre group, also comprising past pupils of the Salesian house in Huesca, taking place over several days before and during Holy Week 2026 at the Salesian theatre. 150 actors take part in this theatrical event. In El Campello, the rector of the Salesian house in the Alicante town, Antonio Zaragoza, will deliver the opening address marking the start of their Holy Week.<\/p><p>In addition, 30 associations linked to Salesian houses, involving some 30,000 members, will carry their Holy Week floats in procession in towns such as Alcal\u00e1 de Guada\u00edra, Algeciras, Alicante, C\u00e1diz, Ciudad Real, C\u00f3rdoba, Elche, Granada, Jerez, La L\u00ednea, Matar\u00f3, M\u00e1laga, Montilla, Palma del R\u00edo, Seville, Utrera and Santander, amongst many others. Using the hashtag #PascuaSalesiana, social media will share how the celebration of the Passion, Death and Resurrection of the Lord is experienced in the various Salesian communities.<\/p>\t\t\t\t\t\t\t\t<\/div>\n\t\t\t\t<div class=\"elementor-element elementor-element-61a4ff4 elementor-widget elementor-widget-gallery\" data-id=\"61a4ff4\" data-element_type=\"widget\" data-e-type=\"widget\" data-settings=\"{&quot;columns&quot;:3,&quot;lazyload&quot;:&quot;yes&quot;,&quot;gallery_layout&quot;:&quot;grid&quot;,&quot;columns_tablet&quot;:2,&quot;columns_mobile&quot;:1,&quot;gap&quot;:{&quot;unit&quot;:&quot;px&quot;,&quot;size&quot;:10,&quot;sizes&quot;:[]},&quot;gap_tablet&quot;:{&quot;unit&quot;:&quot;px&quot;,&quot;size&quot;:10,&quot;sizes&quot;:[]},&quot;gap_mobile&quot;:{&quot;unit&quot;:&quot;px&quot;,&quot;size&quot;:10,&quot;sizes&quot;:[]},&quot;link_to&quot;:&quot;file&quot;,&quot;aspect_ratio&quot;:&quot;3:2&quot;,&quot;overlay_background&quot;:&quot;yes&quot;,&quot;content_hover_animation&quot;:&quot;fade-in&quot;}\" data-widget_type=\"gallery.default\">\n\t\t\t\t\t\t\t<div class=\"elementor-gallery__container\">\n\t\t\t\t\t\t\t<a class=\"e-gallery-item elementor-gallery-item elementor-animated-content\" href=\"https:\/\/infoans.demoboscosoft.com\/wp-content\/uploads\/2026\/03\/aOVER.jpg\" data-elementor-open-lightbox=\"yes\" data-elementor-lightbox-slideshow=\"61a4ff4\" data-elementor-lightbox-title=\"aOVER\" data-e-action-hash=\"#elementor-action%3Aaction%3Dlightbox%26settings%3DeyJpZCI6Mzg5OSwidXJsIjoiaHR0cHM6XC9cL2luZm9hbnMuZGVtb2Jvc2Nvc29mdC5jb21cL3dwLWNvbnRlbnRcL3VwbG9hZHNcLzIwMjZcLzAzXC9hT1ZFUi5qcGciLCJzbGlkZXNob3ciOiI2MWE0ZmY0In0%3D\">\n\t\t\t\t\t<div class=\"e-gallery-image elementor-gallery-item__image\" data-thumbnail=\"https:\/\/infoans.demoboscosoft.com\/wp-content\/uploads\/2026\/03\/aOVER-300x225.jpg\" data-width=\"300\" data-height=\"225\" aria-label=\"\" role=\"img\" ><\/div>\n\t\t\t\t\t\t\t\t\t\t\t<div class=\"elementor-gallery-item__overlay\"><\/div>\n\t\t\t\t\t\t\t\t\t\t\t\t\t\t<\/a>\n\t\t\t\t\t\t\t<a class=\"e-gallery-item elementor-gallery-item elementor-animated-content\" href=\"https:\/\/infoans.demoboscosoft.com\/wp-content\/uploads\/2026\/03\/l_2e25e38a5b.jpg\" data-elementor-open-lightbox=\"yes\" data-elementor-lightbox-slideshow=\"61a4ff4\" data-elementor-lightbox-title=\"l_2e25e38a5b\" data-e-action-hash=\"#elementor-action%3Aaction%3Dlightbox%26settings%3DeyJpZCI6MzkwMSwidXJsIjoiaHR0cHM6XC9cL2luZm9hbnMuZGVtb2Jvc2Nvc29mdC5jb21cL3dwLWNvbnRlbnRcL3VwbG9hZHNcLzIwMjZcLzAzXC9sXzJlMjVlMzhhNWIuanBnIiwic2xpZGVzaG93IjoiNjFhNGZmNCJ9\">\n\t\t\t\t\t<div class=\"e-gallery-image elementor-gallery-item__image\" data-thumbnail=\"https:\/\/infoans.demoboscosoft.com\/wp-content\/uploads\/2026\/03\/l_2e25e38a5b-300x225.jpg\" data-width=\"300\" data-height=\"225\" aria-label=\"\" role=\"img\" ><\/div>\n\t\t\t\t\t\t\t\t\t\t\t<div class=\"elementor-gallery-item__overlay\"><\/div>\n\t\t\t\t\t\t\t\t\t\t\t\t\t\t<\/a>\n\t\t\t\t\t\t\t<a class=\"e-gallery-item elementor-gallery-item elementor-animated-content\" href=\"https:\/\/infoans.demoboscosoft.com\/wp-content\/uploads\/2026\/03\/956da223ff145276919a70b8d13bf2ad_L-3.jpg\" data-elementor-open-lightbox=\"yes\" data-elementor-lightbox-slideshow=\"61a4ff4\" data-elementor-lightbox-title=\"956da223ff145276919a70b8d13bf2ad_L\" data-e-action-hash=\"#elementor-action%3Aaction%3Dlightbox%26settings%3DeyJpZCI6Mzg5NywidXJsIjoiaHR0cHM6XC9cL2luZm9hbnMuZGVtb2Jvc2Nvc29mdC5jb21cL3dwLWNvbnRlbnRcL3VwbG9hZHNcLzIwMjZcLzAzXC85NTZkYTIyM2ZmMTQ1Mjc2OTE5YTcwYjhkMTNiZjJhZF9MLTMuanBnIiwic2xpZGVzaG93IjoiNjFhNGZmNCJ9\">\n\t\t\t\t\t<div class=\"e-gallery-image elementor-gallery-item__image\" data-thumbnail=\"https:\/\/infoans.demoboscosoft.com\/wp-content\/uploads\/2026\/03\/956da223ff145276919a70b8d13bf2ad_L-3-300x200.jpg\" data-width=\"300\" data-height=\"200\" aria-label=\"\" role=\"img\" ><\/div>\n\t\t\t\t\t\t\t\t\t\t\t<div class=\"elementor-gallery-item__overlay\"><\/div>\n\t\t\t\t\t\t\t\t\t\t\t\t\t\t<\/a>\n\t\t\t\t\t\t\t<a class=\"e-gallery-item elementor-gallery-item elementor-animated-content\" href=\"https:\/\/infoans.demoboscosoft.com\/wp-content\/uploads\/2026\/03\/l_4c8206b8fc.jpg\" data-elementor-open-lightbox=\"yes\" data-elementor-lightbox-slideshow=\"61a4ff4\" data-elementor-lightbox-title=\"l_4c8206b8fc\" data-e-action-hash=\"#elementor-action%3Aaction%3Dlightbox%26settings%3DeyJpZCI6MzkwNCwidXJsIjoiaHR0cHM6XC9cL2luZm9hbnMuZGVtb2Jvc2Nvc29mdC5jb21cL3dwLWNvbnRlbnRcL3VwbG9hZHNcLzIwMjZcLzAzXC9sXzRjODIwNmI4ZmMuanBnIiwic2xpZGVzaG93IjoiNjFhNGZmNCJ9\">\n\t\t\t\t\t<div class=\"e-gallery-image elementor-gallery-item__image\" data-thumbnail=\"https:\/\/infoans.demoboscosoft.com\/wp-content\/uploads\/2026\/03\/l_4c8206b8fc-300x225.jpg\" data-width=\"300\" data-height=\"225\" aria-label=\"\" role=\"img\" ><\/div>\n\t\t\t\t\t\t\t\t\t\t\t<div class=\"elementor-gallery-item__overlay\"><\/div>\n\t\t\t\t\t\t\t\t\t\t\t\t\t\t<\/a>\n\t\t\t\t\t\t\t<a class=\"e-gallery-item elementor-gallery-item elementor-animated-content\" href=\"https:\/\/infoans.demoboscosoft.com\/wp-content\/uploads\/2026\/03\/l_34ac41dc26.jpg\" data-elementor-open-lightbox=\"yes\" data-elementor-lightbox-slideshow=\"61a4ff4\" data-elementor-lightbox-title=\"l_34ac41dc26\" data-e-action-hash=\"#elementor-action%3Aaction%3Dlightbox%26settings%3DeyJpZCI6MzkwNiwidXJsIjoiaHR0cHM6XC9cL2luZm9hbnMuZGVtb2Jvc2Nvc29mdC5jb21cL3dwLWNvbnRlbnRcL3VwbG9hZHNcLzIwMjZcLzAzXC9sXzM0YWM0MWRjMjYuanBnIiwic2xpZGVzaG93IjoiNjFhNGZmNCJ9\">\n\t\t\t\t\t<div class=\"e-gallery-image elementor-gallery-item__image\" data-thumbnail=\"https:\/\/infoans.demoboscosoft.com\/wp-content\/uploads\/2026\/03\/l_34ac41dc26-300x225.jpg\" data-width=\"300\" data-height=\"225\" aria-label=\"\" role=\"img\" ><\/div>\n\t\t\t\t\t\t\t\t\t\t\t<div class=\"elementor-gallery-item__overlay\"><\/div>\n\t\t\t\t\t\t\t\t\t\t\t\t\t\t<\/a>\n\t\t\t\t\t\t\t<a class=\"e-gallery-item elementor-gallery-item elementor-animated-content\" href=\"https:\/\/infoans.demoboscosoft.com\/wp-content\/uploads\/2026\/03\/l_7469c50ce9.jpg\" data-elementor-open-lightbox=\"yes\" data-elementor-lightbox-slideshow=\"61a4ff4\" data-elementor-lightbox-title=\"l_7469c50ce9\" data-e-action-hash=\"#elementor-action%3Aaction%3Dlightbox%26settings%3DeyJpZCI6MzkwOSwidXJsIjoiaHR0cHM6XC9cL2luZm9hbnMuZGVtb2Jvc2Nvc29mdC5jb21cL3dwLWNvbnRlbnRcL3VwbG9hZHNcLzIwMjZcLzAzXC9sXzc0NjljNTBjZTkuanBnIiwic2xpZGVzaG93IjoiNjFhNGZmNCJ9\">\n\t\t\t\t\t<div class=\"e-gallery-image elementor-gallery-item__image\" data-thumbnail=\"https:\/\/infoans.demoboscosoft.com\/wp-content\/uploads\/2026\/03\/l_7469c50ce9-300x225.jpg\" data-width=\"300\" data-height=\"225\" aria-label=\"\" role=\"img\" ><\/div>\n\t\t\t\t\t\t\t\t\t\t\t<div class=\"elementor-gallery-item__overlay\"><\/div>\n\t\t\t\t\t\t\t\t\t\t\t\t\t\t<\/a>\n\t\t\t\t\t<\/div>\n\t\t\t\t\t<\/div>\n\t\t\t\t<div class=\"elementor-element elementor-element-2def3a3 elementor-widget elementor-widget-audio\" data-id=\"2def3a3\" data-element_type=\"widget\" data-e-type=\"widget\" data-widget_type=\"audio.default\">\n\t\t\t\t\t\t\t\t<div class=\"elementor-soundcloud-wrapper\">\n\t\t\t\t<iframe width=\"100%\" height=\"152\" frameborder=\"0\" allowfullscreen allow=\"autoplay; clipboard-write; encrypted-media; fullscreen; picture-in-picture\" loading=\"lazy\" src=\"https:\/\/open.spotify.com\/embed\/track\/2hE46yABs3xQwsWO5pSJ36?utm_source=oembed&#038;auto_play=false&#038;buying=true&#038;liking=true&#038;download=true&#038;sharing=true&#038;show_comments=true&#038;show_playcount=true&#038;show_user=true&#038;show_artwork=true&#038;color\"><\/iframe>\t\t\t<\/div>\n\t\t\t\t\t\t\t<\/div>\n\t\t\t\t<div class=\"elementor-element elementor-element-d8d604a elementor-widget elementor-widget-html\" data-id=\"d8d604a\" data-element_type=\"widget\" data-e-type=\"widget\" data-widget_type=\"html.default\">\n\t\t\t\t\t<iframe width=\"560\" height=\"315\" src=\"https:\/\/www.youtube.com\/embed\/_oEArVUaTTQ?si=--bhhTYtlumT924_\" title=\"YouTube video player\" frameborder=\"0\" allow=\"accelerometer; autoplay; clipboard-write; encrypted-media; gyroscope; picture-in-picture; web-share\" referrerpolicy=\"strict-origin-when-cross-origin\" allowfullscreen><\/iframe>\t\t\t\t<\/div>\n\t\t\t\t<div class=\"elementor-element elementor-element-b24202f elementor-widget elementor-widget-shortcode\" data-id=\"b24202f\" data-element_type=\"widget\" data-e-type=\"widget\" data-widget_type=\"shortcode.default\">\n\t\t\t\t\t\t\t<div class=\"elementor-shortcode\">    <div class=\"ans-social-sharebar\" data-ans-share-url=\"https:\/\/infoans.demoboscosoft.com\/fr\/spain-salesian-easter-will-bring-together-around-2000-participants-to-experience-the-faith-during-holy-week-2\/\">\n        <a class=\"ans-share-action ans-share-send\" href=\"mailto:?subject=Spain%20%E2%80%93%20Salesian%20Easter%20will%20bring%20together%20around%202%2C000%20participants%20to%20experience%20the%20faith%20during%20Holy%20Week&#038;body=Spain%20%E2%80%93%20Salesian%20Easter%20will%20bring%20together%20around%202%2C000%20participants%20to%20experience%20the%20faith%20during%20Holy%20Week%20-%20https%3A%2F%2Finfoans.demoboscosoft.com%2Ffr%2Fspain-salesian-easter-will-bring-together-around-2000-participants-to-experience-the-faith-during-holy-week-2%2F\">\n            <span class=\"ans-share-icon\" aria-hidden=\"true\" style=\"margin-top:6px;\"><svg viewBox=\"0 0 24 24\" width=\"16\" height=\"16\" fill=\"currentColor\" stroke=\"currentColor\" stroke-width=\"1\"><path d=\"M3 5.75A1.75 1.75 0 0 1 4.75 4h14.5A1.75 1.75 0 0 1 21 5.75v12.5A1.75 1.75 0 0 1 19.25 20H4.75A1.75 1.75 0 0 1 3 18.25V5.75Zm2.01.75L12 11.28 18.99 6.5H5.01ZM19.5 8.09l-6.65 4.55a1.5 1.5 0 0 1-1.7 0L4.5 8.09v10.16c0 .14.11.25.25.25h14.5a.25.25 0 0 0 .25-.25V8.09Z\"\/><\/svg><\/span>\n            <span class=\"ans-share-label\">Send<\/span>\n        <\/a>    \n       <a class=\"ans-share-action ans-share-print\" href=\"https:\/\/infoans.demoboscosoft.com\/fr\/spain-salesian-easter-will-bring-together-around-2000-participants-to-experience-the-faith-during-holy-week-2\/?ans-print=1\" target=\"_blank\" aria-label=\"Print this page\">\n            <span class=\"ans-share-icon\" aria-hidden=\"true\"><svg viewBox=\"0 0 24 24\" width=\"16\" height=\"16\" style=\"margin-top: 8px; color: #666363;\" fill=\"currentColor\"><path d=\"M6 9V3h12v6H6zm12 2h1a3 3 0 0 1 3 3v4h-4v3H6v-3H2v-4a3 3 0 0 1 3-3h1v4h12v-4z\"\/><\/svg><\/span>\n            <span class=\"ans-share-label\">Print<\/span>\n        <\/a>\n        <a class=\"ans-share-network ans-share-facebook\" href=\"https:\/\/www.facebook.com\/sharer\/sharer.php?u=https%3A%2F%2Finfoans.demoboscosoft.com%2Ffr%2Fspain-salesian-easter-will-bring-together-around-2000-participants-to-experience-the-faith-during-holy-week-2%2F\" target=\"_blank\" rel=\"noopener noreferrer\" aria-label=\"Share on Facebook\"><svg viewBox=\"0 0 24 24\" width=\"20\" height=\"20\" fill=\"currentColor\"><path d=\"M13.5 21v-7h2.34l.35-2.73H13.5V9.53c0-.79.22-1.33 1.36-1.33H16.3V5.76c-.25-.03-1.11-.1-2.1-.1-2.08 0-3.5 1.27-3.5 3.6v2.01H8.35V14h2.35v7h2.8Z\"\/><\/svg><\/a>\n        <a class=\"ans-share-network ans-share-x\" href=\"https:\/\/twitter.com\/intent\/tweet?url=https%3A%2F%2Finfoans.demoboscosoft.com%2Ffr%2Fspain-salesian-easter-will-bring-together-around-2000-participants-to-experience-the-faith-during-holy-week-2%2F&#038;text=Spain%20%E2%80%93%20Salesian%20Easter%20will%20bring%20together%20around%202%2C000%20participants%20to%20experience%20the%20faith%20during%20Holy%20Week\" target=\"_blank\" rel=\"noopener noreferrer\" aria-label=\"Share on X\"><svg viewBox=\"0 0 24 24\" width=\"20\" height=\"20\" fill=\"currentColor\"><path d=\"M3 3h4.72l4.3 6.14L17.52 3H21l-7.31 8.36L21 21h-4.72l-4.57-6.52L5.98 21H3l7.54-8.63L3 3Z\"\/><\/svg><\/a>\n        <a class=\"ans-share-network ans-share-whatsapp\" href=\"https:\/\/api.whatsapp.com\/send?text=Spain%20%E2%80%93%20Salesian%20Easter%20will%20bring%20together%20around%202%2C000%20participants%20to%20experience%20the%20faith%20during%20Holy%20Week%20-%20https%3A%2F%2Finfoans.demoboscosoft.com%2Ffr%2Fspain-salesian-easter-will-bring-together-around-2000-participants-to-experience-the-faith-during-holy-week-2%2F\" target=\"_blank\" rel=\"noopener noreferrer\" aria-label=\"Share on WhatsApp\"><svg viewBox=\"0 0 24 24\" width=\"20\" height=\"20\" fill=\"currentColor\"><path d=\"M20.52 3.48A11.86 11.86 0 0 0 12.06 0C5.6 0 .34 5.25.34 11.72c0 2.06.54 4.08 1.55 5.86L0 24l6.58-1.88a11.73 11.73 0 0 0 5.48 1.4h.01c6.46 0 11.72-5.26 11.73-11.73a11.63 11.63 0 0 0-3.28-8.3Zm-8.46 18a9.74 9.74 0 0 1-4.96-1.36l-.36-.21-3.91 1.12 1.14-3.81-.23-.39a9.75 9.75 0 1 1 8.32 4.65Zm5.35-7.32c-.3-.15-1.75-.86-2.03-.96-.27-.1-.47-.15-.67.15-.2.3-.77.96-.95 1.15-.17.2-.34.22-.64.08-.3-.15-1.24-.46-2.37-1.47-.87-.78-1.46-1.75-1.63-2.04-.17-.3-.02-.46.13-.61.14-.14.3-.34.45-.5.15-.18.2-.3.3-.5.1-.2.05-.38-.02-.53-.08-.15-.67-1.62-.92-2.22-.24-.58-.48-.5-.67-.5h-.57c-.2 0-.52.08-.8.38-.27.3-1.04 1.01-1.04 2.45s1.07 2.83 1.22 3.02c.15.2 2.09 3.19 5.06 4.47.71.31 1.27.5 1.7.64.72.23 1.37.2 1.89.12.58-.09 1.75-.72 2-1.41.25-.69.25-1.28.17-1.41-.07-.13-.27-.2-.57-.35Z\"\/><\/svg><\/a>\n        <a class=\"ans-share-network ans-share-instagram\" href=\"https:\/\/www.instagram.com\/agenziainfosalesiana\/\" target=\"_blank\" rel=\"noopener noreferrer\" aria-label=\"Instagram\"><svg viewBox=\"0 0 24 24\" width=\"20\" height=\"20\" fill=\"currentColor\"><path d=\"M7.75 2h8.5A5.75 5.75 0 0 1 22 7.75v8.5A5.75 5.75 0 0 1 16.25 22h-8.5A5.75 5.75 0 0 1 2 16.25v-8.5A5.75 5.75 0 0 1 7.75 2Zm0 1.8A3.95 3.95 0 0 0 3.8 7.75v8.5a3.95 3.95 0 0 0 3.95 3.95h8.5a3.95 3.95 0 0 0 3.95-3.95v-8.5a3.95 3.95 0 0 0-3.95-3.95h-8.5Zm8.95 1.35a1.15 1.15 0 1 1 0 2.3 1.15 1.15 0 0 1 0-2.3ZM12 7a5 5 0 1 1 0 10 5 5 0 0 1 0-10Zm0 1.8A3.2 3.2 0 1 0 12 15.2 3.2 3.2 0 0 0 12 8.8Z\"\/><\/svg><\/a>\n    <\/div>\n    <style>\n    .ans-social-sharebar{ display:flex; margin-left:0px; align-items:center; gap:12px; flex-wrap:wrap; }\n    .ans-social-sharebar .ans-share-action{ display:inline-flex; align-items:center; justify-content:center; gap:8px; height:36px; padding:0 16px; font-size:14px; border-radius:6px; border:1px solid #e5e5e5; background:#fff; color:#444; text-decoration:none; transition:all .25s ease; }\n    .ans-social-sharebar .ans-share-action:hover{ background:#f5f5f5; }\n    .ans-social-sharebar .ans-share-network{ display:flex; align-items:center; justify-content:center; width:36px; height:36px; border-radius:50%; background:#f2f2f2; transition:all .25s ease; }\n    .ans-social-sharebar .ans-share-network:hover{ box-shadow:0 3px 6px rgba(0,0,0,0.15); }\n    .ans-social-sharebar .ans-share-network svg{ width:20px; height:20px; display:block; }\n    .ans-share-facebook svg, .ans-share-instagram svg{ width:22px; height:22px; }\n    .ans-share-action svg{ width:16px; height:16px; }\n    .ans-share-facebook{color:#1877f2;} .ans-share-x{color:#000;} .ans-share-whatsapp{color:#25D366;} .ans-share-instagram{color:#E1306C;}\n    .ans-share-facebook:hover{background:#e7f0ff;} .ans-share-x:hover{background:#eee;} .ans-share-whatsapp:hover{background:#e9f9ef;} .ans-share-instagram:hover{background:#fdeaf1;}\n    <\/style>\n    <\/div>\n\t\t\t\t\t\t<\/div>\n\t\t\t\t<div class=\"elementor-element elementor-element-4f17de2 elementor-widget elementor-widget-shortcode\" data-id=\"4f17de2\" data-element_type=\"widget\" data-e-type=\"widget\" data-widget_type=\"shortcode.default\">\n\t\t\t\t\t\t\t<div class=\"elementor-shortcode\"><div class=\"ans-single-post-topics\" style=\"display:flex; align-items:center; margin:0; font-family:'Source Sans 3', sans-serif; letter-spacing:0.6px; font-weight:500; flex-wrap:wrap; gap:8px;\"><div style=\"color:rgb(106 106 106); font-size:14px; font-family:'Source Sans 3', sans-serif; font-weight:500; margin-right:10px;\">Tags<\/div><a href=\"https:\/\/infoans.demoboscosoft.com\/tag\/salesian-news\/\" class=\"ans-tag-badge\">Salesian News<\/a><\/div><\/div>\n\t\t\t\t\t\t<\/div>\n\t\t\t\t<div class=\"elementor-element elementor-element-6ec931a elementor-widget elementor-widget-heading\" data-id=\"6ec931a\" data-element_type=\"widget\" data-e-type=\"widget\" data-widget_type=\"heading.default\">\n\t\t\t\t\t<h2 class=\"elementor-heading-title elementor-size-default\">Related News\u200b<\/h2>\t\t\t\t<\/div>\n\t\t<div class=\"elementor-element elementor-element-9021ec9 e-con-full e-flex e-con e-child\" data-id=\"9021ec9\" data-element_type=\"container\" data-e-type=\"container\">\n\t\t\t\t<\/div>\n\t\t\t\t<\/div>\n\t\t\t\t\t<\/div>\n\t\t\t\t<\/div>\n\t\t\t\t<\/div>\n\t\t","protected":false},"excerpt":{"rendered":"<p>(ANS \u2013 Madrid) \u2013 Under the slogan \u201cA love that makes history\u201d, around 2,000 young people from Salesian communities<\/p>\n","protected":false},"author":1,"featured_media":3729,"comment_status":"open","ping_status":"open","sticky":false,"template":"elementor_header_footer","format":"standard","meta":{"_angie_page":false,"site-sidebar-layout":"default","site-content-layout":"","ast-site-content-layout":"default","site-content-style":"default","site-sidebar-style":"default","ast-global-header-display":"","ast-banner-title-visibility":"","ast-main-header-display":"","ast-hfb-above-header-display":"","ast-hfb-below-header-display":"","ast-hfb-mobile-header-display":"","site-post-title":"","ast-breadcrumbs-content":"","ast-featured-img":"","footer-sml-layout":"","ast-disable-related-posts":"","theme-transparent-header-meta":"","adv-header-id-meta":"","stick-header-meta":"","header-above-stick-meta":"","header-main-stick-meta":"","header-below-stick-meta":"","astra-migrate-meta-layouts":"default","ast-page-background-enabled":"default","ast-page-background-meta":{"desktop":{"background-color":"var(--ast-global-color-5)","background-image":"","background-repeat":"repeat","background-position":"center center","background-size":"auto","background-attachment":"scroll","background-type":"","background-media":"","overlay-type":"","overlay-color":"","overlay-opacity":"","overlay-gradient":""},"tablet":{"background-color":"","background-image":"","background-repeat":"repeat","background-position":"center center","background-size":"auto","background-attachment":"scroll","background-type":"","background-media":"","overlay-type":"","overlay-color":"","overlay-opacity":"","overlay-gradient":""},"mobile":{"background-color":"","background-image":"","background-repeat":"repeat","background-position":"center center","background-size":"auto","background-attachment":"scroll","background-type":"","background-media":"","overlay-type":"","overlay-color":"","overlay-opacity":"","overlay-gradient":""}},"ast-content-background-meta":{"desktop":{"background-color":"var(--ast-global-color-4)","background-image":"","background-repeat":"repeat","background-position":"center center","background-size":"auto","background-attachment":"scroll","background-type":"","background-media":"","overlay-type":"","overlay-color":"","overlay-opacity":"","overlay-gradient":""},"tablet":{"background-color":"var(--ast-global-color-4)","background-image":"","background-repeat":"repeat","background-position":"center center","background-size":"auto","background-attachment":"scroll","background-type":"","background-media":"","overlay-type":"","overlay-color":"","overlay-opacity":"","overlay-gradient":""},"mobile":{"background-color":"var(--ast-global-color-4)","background-image":"","background-repeat":"repeat","background-position":"center center","background-size":"auto","background-attachment":"scroll","background-type":"","background-media":"","overlay-type":"","overlay-color":"","overlay-opacity":"","overlay-gradient":""}},"page_builder":"","footnotes":""},"categories":[22],"tags":[74],"class_list":["post-3728","post","type-post","status-publish","format-standard","has-post-thumbnail","hentry","category-general-council","tag-salesian-news"],"yoast_head":"<!-- This site is optimized with the Yoast SEO plugin v27.1.1 - https:\/\/yoast.com\/product\/yoast-seo-wordpress\/ -->\n<title>Spain \u2013 Salesian Easter will bring together around 2,000 participants to experience the faith during Holy Week - ANS - Agenzia iNfo Salesiana<\/title>\n<meta name=\"robots\" content=\"index, follow, max-snippet:-1, max-image-preview:large, max-video-preview:-1\" \/>\n<link rel=\"canonical\" href=\"https:\/\/infoans.demoboscosoft.com\/fr\/spain-salesian-easter-will-bring-together-around-2000-participants-to-experience-the-faith-during-holy-week-2\/\" \/>\n<meta property=\"og:locale\" content=\"fr_FR\" \/>\n<meta property=\"og:type\" content=\"article\" \/>\n<meta property=\"og:title\" content=\"Spain \u2013 Salesian Easter will bring together around 2,000 participants to experience the faith during Holy Week - ANS - Agenzia iNfo Salesiana\" \/>\n<meta property=\"og:description\" content=\"(ANS \u2013 Madrid) \u2013 Under the slogan \u201cA love that makes history\u201d, around 2,000 young people from Salesian communities\" \/>\n<meta property=\"og:url\" content=\"https:\/\/infoans.demoboscosoft.com\/fr\/spain-salesian-easter-will-bring-together-around-2000-participants-to-experience-the-faith-during-holy-week-2\/\" \/>\n<meta property=\"og:site_name\" content=\"ANS - Agenzia iNfo Salesiana\" \/>\n<meta property=\"article:published_time\" content=\"2026-03-30T06:52:21+00:00\" \/>\n<meta property=\"article:modified_time\" content=\"2026-04-08T10:06:18+00:00\" \/>\n<meta property=\"og:image\" content=\"https:\/\/infoans.demoboscosoft.com\/wp-content\/uploads\/2026\/03\/956da223ff145276919a70b8d13bf2ad_L-1.jpg\" \/>\n\t<meta property=\"og:image:width\" content=\"655\" \/>\n\t<meta property=\"og:image:height\" content=\"437\" \/>\n\t<meta property=\"og:image:type\" content=\"image\/jpeg\" \/>\n<meta name=\"author\" content=\"root\" \/>\n<meta name=\"twitter:card\" content=\"summary_large_image\" \/>\n<meta name=\"twitter:label1\" content=\"\u00c9crit par\" \/>\n\t<meta name=\"twitter:data1\" content=\"root\" \/>\n\t<meta name=\"twitter:label2\" content=\"Dur\u00e9e de lecture estim\u00e9e\" \/>\n\t<meta name=\"twitter:data2\" content=\"2 minutes\" \/>\n<script type=\"application\/ld+json\" class=\"yoast-schema-graph\">{\"@context\":\"https:\/\/schema.org\",\"@graph\":[{\"@type\":\"Article\",\"@id\":\"https:\/\/infoans.demoboscosoft.com\/fr\/spain-salesian-easter-will-bring-together-around-2000-participants-to-experience-the-faith-during-holy-week-2\/#article\",\"isPartOf\":{\"@id\":\"https:\/\/infoans.demoboscosoft.com\/fr\/spain-salesian-easter-will-bring-together-around-2000-participants-to-experience-the-faith-during-holy-week-2\/\"},\"author\":{\"name\":\"root\",\"@id\":\"https:\/\/infoans.demoboscosoft.com\/fr\/#\/schema\/person\/ab88318d0212baf9f68ffd9f1d679c04\"},\"headline\":\"Spain \u2013 Salesian Easter will bring together around 2,000 participants to experience the faith during Holy Week\",\"datePublished\":\"2026-03-30T06:52:21+00:00\",\"dateModified\":\"2026-04-08T10:06:18+00:00\",\"mainEntityOfPage\":{\"@id\":\"https:\/\/infoans.demoboscosoft.com\/fr\/spain-salesian-easter-will-bring-together-around-2000-participants-to-experience-the-faith-during-holy-week-2\/\"},\"wordCount\":652,\"commentCount\":0,\"image\":{\"@id\":\"https:\/\/infoans.demoboscosoft.com\/fr\/spain-salesian-easter-will-bring-together-around-2000-participants-to-experience-the-faith-during-holy-week-2\/#primaryimage\"},\"thumbnailUrl\":\"https:\/\/infoans.demoboscosoft.com\/wp-content\/uploads\/2026\/03\/956da223ff145276919a70b8d13bf2ad_L-1.jpg\",\"keywords\":[\"Salesian News\"],\"articleSection\":[\"General Council\"],\"inLanguage\":\"fr-FR\",\"potentialAction\":[{\"@type\":\"CommentAction\",\"name\":\"Comment\",\"target\":[\"https:\/\/infoans.demoboscosoft.com\/fr\/spain-salesian-easter-will-bring-together-around-2000-participants-to-experience-the-faith-during-holy-week-2\/#respond\"]}]},{\"@type\":\"WebPage\",\"@id\":\"https:\/\/infoans.demoboscosoft.com\/fr\/spain-salesian-easter-will-bring-together-around-2000-participants-to-experience-the-faith-during-holy-week-2\/\",\"url\":\"https:\/\/infoans.demoboscosoft.com\/fr\/spain-salesian-easter-will-bring-together-around-2000-participants-to-experience-the-faith-during-holy-week-2\/\",\"name\":\"Spain \u2013 Salesian Easter will bring together around 2,000 participants to experience the faith during Holy Week - ANS - Agenzia iNfo Salesiana\",\"isPartOf\":{\"@id\":\"https:\/\/infoans.demoboscosoft.com\/fr\/#website\"},\"primaryImageOfPage\":{\"@id\":\"https:\/\/infoans.demoboscosoft.com\/fr\/spain-salesian-easter-will-bring-together-around-2000-participants-to-experience-the-faith-during-holy-week-2\/#primaryimage\"},\"image\":{\"@id\":\"https:\/\/infoans.demoboscosoft.com\/fr\/spain-salesian-easter-will-bring-together-around-2000-participants-to-experience-the-faith-during-holy-week-2\/#primaryimage\"},\"thumbnailUrl\":\"https:\/\/infoans.demoboscosoft.com\/wp-content\/uploads\/2026\/03\/956da223ff145276919a70b8d13bf2ad_L-1.jpg\",\"datePublished\":\"2026-03-30T06:52:21+00:00\",\"dateModified\":\"2026-04-08T10:06:18+00:00\",\"author\":{\"@id\":\"https:\/\/infoans.demoboscosoft.com\/fr\/#\/schema\/person\/ab88318d0212baf9f68ffd9f1d679c04\"},\"breadcrumb\":{\"@id\":\"https:\/\/infoans.demoboscosoft.com\/fr\/spain-salesian-easter-will-bring-together-around-2000-participants-to-experience-the-faith-during-holy-week-2\/#breadcrumb\"},\"inLanguage\":\"fr-FR\",\"potentialAction\":[{\"@type\":\"ReadAction\",\"target\":[\"https:\/\/infoans.demoboscosoft.com\/fr\/spain-salesian-easter-will-bring-together-around-2000-participants-to-experience-the-faith-during-holy-week-2\/\"]}]},{\"@type\":\"ImageObject\",\"inLanguage\":\"fr-FR\",\"@id\":\"https:\/\/infoans.demoboscosoft.com\/fr\/spain-salesian-easter-will-bring-together-around-2000-participants-to-experience-the-faith-during-holy-week-2\/#primaryimage\",\"url\":\"https:\/\/infoans.demoboscosoft.com\/wp-content\/uploads\/2026\/03\/956da223ff145276919a70b8d13bf2ad_L-1.jpg\",\"contentUrl\":\"https:\/\/infoans.demoboscosoft.com\/wp-content\/uploads\/2026\/03\/956da223ff145276919a70b8d13bf2ad_L-1.jpg\",\"width\":655,\"height\":437},{\"@type\":\"BreadcrumbList\",\"@id\":\"https:\/\/infoans.demoboscosoft.com\/fr\/spain-salesian-easter-will-bring-together-around-2000-participants-to-experience-the-faith-during-holy-week-2\/#breadcrumb\",\"itemListElement\":[{\"@type\":\"ListItem\",\"position\":1,\"name\":\"Home\",\"item\":\"https:\/\/infoans.demoboscosoft.com\/fr\/\"},{\"@type\":\"ListItem\",\"position\":2,\"name\":\"Spain \u2013 Salesian Easter will bring together around 2,000 participants to experience the faith during Holy Week\"}]},{\"@type\":\"WebSite\",\"@id\":\"https:\/\/infoans.demoboscosoft.com\/fr\/#website\",\"url\":\"https:\/\/infoans.demoboscosoft.com\/fr\/\",\"name\":\"ANS - Agenzia iNfo Salesiana\",\"description\":\"\",\"potentialAction\":[{\"@type\":\"SearchAction\",\"target\":{\"@type\":\"EntryPoint\",\"urlTemplate\":\"https:\/\/infoans.demoboscosoft.com\/fr\/?s={search_term_string}\"},\"query-input\":{\"@type\":\"PropertyValueSpecification\",\"valueRequired\":true,\"valueName\":\"search_term_string\"}}],\"inLanguage\":\"fr-FR\"},{\"@type\":\"Person\",\"@id\":\"https:\/\/infoans.demoboscosoft.com\/fr\/#\/schema\/person\/ab88318d0212baf9f68ffd9f1d679c04\",\"name\":\"root\",\"image\":{\"@type\":\"ImageObject\",\"inLanguage\":\"fr-FR\",\"@id\":\"https:\/\/infoans.demoboscosoft.com\/fr\/#\/schema\/person\/image\/\",\"url\":\"https:\/\/secure.gravatar.com\/avatar\/8df31f9371321641284d378aeb586d5fc658f6ef976788c88ebe945f176d8c65?s=96&d=mm&r=g\",\"contentUrl\":\"https:\/\/secure.gravatar.com\/avatar\/8df31f9371321641284d378aeb586d5fc658f6ef976788c88ebe945f176d8c65?s=96&d=mm&r=g\",\"caption\":\"root\"},\"sameAs\":[\"https:\/\/infoans.demoboscosoft.com\"],\"url\":\"https:\/\/infoans.demoboscosoft.com\/fr\/author\/root\/\"}]}<\/script>\n<!-- \/ Yoast SEO plugin. -->","yoast_head_json":{"title":"Spain \u2013 Salesian Easter will bring together around 2,000 participants to experience the faith during Holy Week - ANS - Agenzia iNfo Salesiana","robots":{"index":"index","follow":"follow","max-snippet":"max-snippet:-1","max-image-preview":"max-image-preview:large","max-video-preview":"max-video-preview:-1"},"canonical":"https:\/\/infoans.demoboscosoft.com\/fr\/spain-salesian-easter-will-bring-together-around-2000-participants-to-experience-the-faith-during-holy-week-2\/","og_locale":"fr_FR","og_type":"article","og_title":"Spain \u2013 Salesian Easter will bring together around 2,000 participants to experience the faith during Holy Week - ANS - Agenzia iNfo Salesiana","og_description":"(ANS \u2013 Madrid) \u2013 Under the slogan \u201cA love that makes history\u201d, around 2,000 young people from Salesian communities","og_url":"https:\/\/infoans.demoboscosoft.com\/fr\/spain-salesian-easter-will-bring-together-around-2000-participants-to-experience-the-faith-during-holy-week-2\/","og_site_name":"ANS - Agenzia iNfo Salesiana","article_published_time":"2026-03-30T06:52:21+00:00","article_modified_time":"2026-04-08T10:06:18+00:00","og_image":[{"width":655,"height":437,"url":"https:\/\/infoans.demoboscosoft.com\/wp-content\/uploads\/2026\/03\/956da223ff145276919a70b8d13bf2ad_L-1.jpg","type":"image\/jpeg"}],"author":"root","twitter_card":"summary_large_image","twitter_misc":{"\u00c9crit par":"root","Dur\u00e9e de lecture estim\u00e9e":"2 minutes"},"schema":{"@context":"https:\/\/schema.org","@graph":[{"@type":"Article","@id":"https:\/\/infoans.demoboscosoft.com\/fr\/spain-salesian-easter-will-bring-together-around-2000-participants-to-experience-the-faith-during-holy-week-2\/#article","isPartOf":{"@id":"https:\/\/infoans.demoboscosoft.com\/fr\/spain-salesian-easter-will-bring-together-around-2000-participants-to-experience-the-faith-during-holy-week-2\/"},"author":{"name":"root","@id":"https:\/\/infoans.demoboscosoft.com\/fr\/#\/schema\/person\/ab88318d0212baf9f68ffd9f1d679c04"},"headline":"Spain \u2013 Salesian Easter will bring together around 2,000 participants to experience the faith during Holy Week","datePublished":"2026-03-30T06:52:21+00:00","dateModified":"2026-04-08T10:06:18+00:00","mainEntityOfPage":{"@id":"https:\/\/infoans.demoboscosoft.com\/fr\/spain-salesian-easter-will-bring-together-around-2000-participants-to-experience-the-faith-during-holy-week-2\/"},"wordCount":652,"commentCount":0,"image":{"@id":"https:\/\/infoans.demoboscosoft.com\/fr\/spain-salesian-easter-will-bring-together-around-2000-participants-to-experience-the-faith-during-holy-week-2\/#primaryimage"},"thumbnailUrl":"https:\/\/infoans.demoboscosoft.com\/wp-content\/uploads\/2026\/03\/956da223ff145276919a70b8d13bf2ad_L-1.jpg","keywords":["Salesian News"],"articleSection":["General Council"],"inLanguage":"fr-FR","potentialAction":[{"@type":"CommentAction","name":"Comment","target":["https:\/\/infoans.demoboscosoft.com\/fr\/spain-salesian-easter-will-bring-together-around-2000-participants-to-experience-the-faith-during-holy-week-2\/#respond"]}]},{"@type":"WebPage","@id":"https:\/\/infoans.demoboscosoft.com\/fr\/spain-salesian-easter-will-bring-together-around-2000-participants-to-experience-the-faith-during-holy-week-2\/","url":"https:\/\/infoans.demoboscosoft.com\/fr\/spain-salesian-easter-will-bring-together-around-2000-participants-to-experience-the-faith-during-holy-week-2\/","name":"Spain \u2013 Salesian Easter will bring together around 2,000 participants to experience the faith during Holy Week - ANS - Agenzia iNfo Salesiana","isPartOf":{"@id":"https:\/\/infoans.demoboscosoft.com\/fr\/#website"},"primaryImageOfPage":{"@id":"https:\/\/infoans.demoboscosoft.com\/fr\/spain-salesian-easter-will-bring-together-around-2000-participants-to-experience-the-faith-during-holy-week-2\/#primaryimage"},"image":{"@id":"https:\/\/infoans.demoboscosoft.com\/fr\/spain-salesian-easter-will-bring-together-around-2000-participants-to-experience-the-faith-during-holy-week-2\/#primaryimage"},"thumbnailUrl":"https:\/\/infoans.demoboscosoft.com\/wp-content\/uploads\/2026\/03\/956da223ff145276919a70b8d13bf2ad_L-1.jpg","datePublished":"2026-03-30T06:52:21+00:00","dateModified":"2026-04-08T10:06:18+00:00","author":{"@id":"https:\/\/infoans.demoboscosoft.com\/fr\/#\/schema\/person\/ab88318d0212baf9f68ffd9f1d679c04"},"breadcrumb":{"@id":"https:\/\/infoans.demoboscosoft.com\/fr\/spain-salesian-easter-will-bring-together-around-2000-participants-to-experience-the-faith-during-holy-week-2\/#breadcrumb"},"inLanguage":"fr-FR","potentialAction":[{"@type":"ReadAction","target":["https:\/\/infoans.demoboscosoft.com\/fr\/spain-salesian-easter-will-bring-together-around-2000-participants-to-experience-the-faith-during-holy-week-2\/"]}]},{"@type":"ImageObject","inLanguage":"fr-FR","@id":"https:\/\/infoans.demoboscosoft.com\/fr\/spain-salesian-easter-will-bring-together-around-2000-participants-to-experience-the-faith-during-holy-week-2\/#primaryimage","url":"https:\/\/infoans.demoboscosoft.com\/wp-content\/uploads\/2026\/03\/956da223ff145276919a70b8d13bf2ad_L-1.jpg","contentUrl":"https:\/\/infoans.demoboscosoft.com\/wp-content\/uploads\/2026\/03\/956da223ff145276919a70b8d13bf2ad_L-1.jpg","width":655,"height":437},{"@type":"BreadcrumbList","@id":"https:\/\/infoans.demoboscosoft.com\/fr\/spain-salesian-easter-will-bring-together-around-2000-participants-to-experience-the-faith-during-holy-week-2\/#breadcrumb","itemListElement":[{"@type":"ListItem","position":1,"name":"Home","item":"https:\/\/infoans.demoboscosoft.com\/fr\/"},{"@type":"ListItem","position":2,"name":"Spain \u2013 Salesian Easter will bring together around 2,000 participants to experience the faith during Holy Week"}]},{"@type":"WebSite","@id":"https:\/\/infoans.demoboscosoft.com\/fr\/#website","url":"https:\/\/infoans.demoboscosoft.com\/fr\/","name":"ANS - Agenzia iNfo Salesiana","description":"","potentialAction":[{"@type":"SearchAction","target":{"@type":"EntryPoint","urlTemplate":"https:\/\/infoans.demoboscosoft.com\/fr\/?s={search_term_string}"},"query-input":{"@type":"PropertyValueSpecification","valueRequired":true,"valueName":"search_term_string"}}],"inLanguage":"fr-FR"},{"@type":"Person","@id":"https:\/\/infoans.demoboscosoft.com\/fr\/#\/schema\/person\/ab88318d0212baf9f68ffd9f1d679c04","name":"root","image":{"@type":"ImageObject","inLanguage":"fr-FR","@id":"https:\/\/infoans.demoboscosoft.com\/fr\/#\/schema\/person\/image\/","url":"https:\/\/secure.gravatar.com\/avatar\/8df31f9371321641284d378aeb586d5fc658f6ef976788c88ebe945f176d8c65?s=96&d=mm&r=g","contentUrl":"https:\/\/secure.gravatar.com\/avatar\/8df31f9371321641284d378aeb586d5fc658f6ef976788c88ebe945f176d8c65?s=96&d=mm&r=g","caption":"root"},"sameAs":["https:\/\/infoans.demoboscosoft.com"],"url":"https:\/\/infoans.demoboscosoft.com\/fr\/author\/root\/"}]}},"_links":{"self":[{"href":"https:\/\/infoans.demoboscosoft.com\/fr\/wp-json\/wp\/v2\/posts\/3728","targetHints":{"allow":["GET"]}}],"collection":[{"href":"https:\/\/infoans.demoboscosoft.com\/fr\/wp-json\/wp\/v2\/posts"}],"about":[{"href":"https:\/\/infoans.demoboscosoft.com\/fr\/wp-json\/wp\/v2\/types\/post"}],"author":[{"embeddable":true,"href":"https:\/\/infoans.demoboscosoft.com\/fr\/wp-json\/wp\/v2\/users\/1"}],"replies":[{"embeddable":true,"href":"https:\/\/infoans.demoboscosoft.com\/fr\/wp-json\/wp\/v2\/comments?post=3728"}],"version-history":[{"count":43,"href":"https:\/\/infoans.demoboscosoft.com\/fr\/wp-json\/wp\/v2\/posts\/3728\/revisions"}],"predecessor-version":[{"id":5472,"href":"https:\/\/infoans.demoboscosoft.com\/fr\/wp-json\/wp\/v2\/posts\/3728\/revisions\/5472"}],"wp:featuredmedia":[{"embeddable":true,"href":"https:\/\/infoans.demoboscosoft.com\/fr\/wp-json\/wp\/v2\/media\/3729"}],"wp:attachment":[{"href":"https:\/\/infoans.demoboscosoft.com\/fr\/wp-json\/wp\/v2\/media?parent=3728"}],"wp:term":[{"taxonomy":"category","embeddable":true,"href":"https:\/\/infoans.demoboscosoft.com\/fr\/wp-json\/wp\/v2\/categories?post=3728"},{"taxonomy":"post_tag","embeddable":true,"href":"https:\/\/infoans.demoboscosoft.com\/fr\/wp-json\/wp\/v2\/tags?post=3728"}],"curies":[{"name":"wp","href":"https:\/\/api.w.org\/{rel}","templated":true}]}}