{"id":4846,"date":"2026-04-01T07:16:22","date_gmt":"2026-04-01T07:16:22","guid":{"rendered":"https:\/\/infoans.demoboscosoft.com\/?p=4846"},"modified":"2026-04-01T08:38:41","modified_gmt":"2026-04-01T08:38:41","slug":"portugal-the-opening-of-the-salesians-new-building-in-lisbon","status":"publish","type":"post","link":"https:\/\/infoans.demoboscosoft.com\/fr\/portugal-the-opening-of-the-salesians-new-building-in-lisbon\/","title":{"rendered":"Portugal \u2013 The opening of the Salesians\u2019 new building in Lisbon"},"content":{"rendered":"\t\t<div data-elementor-type=\"wp-post\" data-elementor-id=\"4846\" class=\"elementor elementor-4846\" data-elementor-post-type=\"post\">\n\t\t\t\t<div class=\"elementor-element elementor-element-883ed8e e-flex e-con-boxed e-con e-parent\" data-id=\"883ed8e\" data-element_type=\"container\" data-e-type=\"container\">\n\t\t\t\t\t<div class=\"e-con-inner\">\n\t\t\t\t<div class=\"elementor-element elementor-element-487d713 elementor-widget elementor-widget-text-editor\" data-id=\"487d713\" data-element_type=\"widget\" data-e-type=\"widget\" data-widget_type=\"text-editor.default\">\n\t\t\t\t\t\t\t\t\t<p data-start=\"74\" data-end=\"528\">Lisbon, Portugal \u2013 1906 \u2013 The Salesians\u2019 new building in Lisbon, built in the Italian style, was opened on 19 March, 120 years ago. According to newspapers at the time, around two thousand people gathered in the Alto dos Prazeres district for the opening, by the then Rector Major, Fr Michael Rua, who arrived from Italy by train. Today, 120 years later, the Salesian community keeps Don Bosco\u2019s charism alive at the Salesian School in Lisbon, where more than 2,250 students and dozens of staff continue this same mission every day.<\/p>\t\t\t\t\t\t\t\t<\/div>\n\t\t\t\t\t<\/div>\n\t\t\t\t<\/div>\n\t\t\t\t<\/div>\n\t\t","protected":false},"excerpt":{"rendered":"<p>Lisbon, Portugal \u2013 1906 \u2013 The Salesians\u2019 new building in Lisbon, built in the Italian style, was opened on 19 [&hellip;]<\/p>\n","protected":false},"author":1,"featured_media":4896,"comment_status":"open","ping_status":"open","sticky":false,"template":"","format":"standard","meta":{"_angie_page":false,"site-sidebar-layout":"default","site-content-layout":"","ast-site-content-layout":"default","site-content-style":"default","site-sidebar-style":"default","ast-global-header-display":"","ast-banner-title-visibility":"","ast-main-header-display":"","ast-hfb-above-header-display":"","ast-hfb-below-header-display":"","ast-hfb-mobile-header-display":"","site-post-title":"","ast-breadcrumbs-content":"","ast-featured-img":"","footer-sml-layout":"","ast-disable-related-posts":"","theme-transparent-header-meta":"","adv-header-id-meta":"","stick-header-meta":"","header-above-stick-meta":"","header-main-stick-meta":"","header-below-stick-meta":"","astra-migrate-meta-layouts":"default","ast-page-background-enabled":"default","ast-page-background-meta":{"desktop":{"background-color":"var(--ast-global-color-5)","background-image":"","background-repeat":"repeat","background-position":"center center","background-size":"auto","background-attachment":"scroll","background-type":"","background-media":"","overlay-type":"","overlay-color":"","overlay-opacity":"","overlay-gradient":""},"tablet":{"background-color":"","background-image":"","background-repeat":"repeat","background-position":"center center","background-size":"auto","background-attachment":"scroll","background-type":"","background-media":"","overlay-type":"","overlay-color":"","overlay-opacity":"","overlay-gradient":""},"mobile":{"background-color":"","background-image":"","background-repeat":"repeat","background-position":"center center","background-size":"auto","background-attachment":"scroll","background-type":"","background-media":"","overlay-type":"","overlay-color":"","overlay-opacity":"","overlay-gradient":""}},"ast-content-background-meta":{"desktop":{"background-color":"var(--ast-global-color-4)","background-image":"","background-repeat":"repeat","background-position":"center center","background-size":"auto","background-attachment":"scroll","background-type":"","background-media":"","overlay-type":"","overlay-color":"","overlay-opacity":"","overlay-gradient":""},"tablet":{"background-color":"var(--ast-global-color-4)","background-image":"","background-repeat":"repeat","background-position":"center center","background-size":"auto","background-attachment":"scroll","background-type":"","background-media":"","overlay-type":"","overlay-color":"","overlay-opacity":"","overlay-gradient":""},"mobile":{"background-color":"var(--ast-global-color-4)","background-image":"","background-repeat":"repeat","background-position":"center center","background-size":"auto","background-attachment":"scroll","background-type":"","background-media":"","overlay-type":"","overlay-color":"","overlay-opacity":"","overlay-gradient":""}},"page_builder":"","footnotes":""},"categories":[67],"tags":[],"class_list":["post-4846","post","type-post","status-publish","format-standard","has-post-thumbnail","hentry","category-photo-chronicle"],"yoast_head":"<!-- This site is optimized with the Yoast SEO plugin v27.1.1 - https:\/\/yoast.com\/product\/yoast-seo-wordpress\/ -->\n<title>Portugal \u2013 The opening of the Salesians\u2019 new building in Lisbon - ANS - Agenzia iNfo Salesiana<\/title>\n<meta name=\"robots\" content=\"index, follow, max-snippet:-1, max-image-preview:large, max-video-preview:-1\" \/>\n<link rel=\"canonical\" href=\"https:\/\/infoans.demoboscosoft.com\/fr\/portugal-the-opening-of-the-salesians-new-building-in-lisbon\/\" \/>\n<meta property=\"og:locale\" content=\"fr_FR\" \/>\n<meta property=\"og:type\" content=\"article\" \/>\n<meta property=\"og:title\" content=\"Portugal \u2013 The opening of the Salesians\u2019 new building in Lisbon - ANS - Agenzia iNfo Salesiana\" \/>\n<meta property=\"og:description\" content=\"Lisbon, Portugal \u2013 1906 \u2013 The Salesians\u2019 new building in Lisbon, built in the Italian style, was opened on 19 [&hellip;]\" \/>\n<meta property=\"og:url\" content=\"https:\/\/infoans.demoboscosoft.com\/fr\/portugal-the-opening-of-the-salesians-new-building-in-lisbon\/\" \/>\n<meta property=\"og:site_name\" content=\"ANS - Agenzia iNfo Salesiana\" \/>\n<meta property=\"article:published_time\" content=\"2026-04-01T07:16:22+00:00\" \/>\n<meta property=\"article:modified_time\" content=\"2026-04-01T08:38:41+00:00\" \/>\n<meta property=\"og:image\" content=\"https:\/\/infoans.demoboscosoft.com\/wp-content\/uploads\/2026\/04\/Pasted-image-15-1.png\" \/>\n\t<meta property=\"og:image:width\" content=\"1140\" \/>\n\t<meta property=\"og:image:height\" content=\"597\" \/>\n\t<meta property=\"og:image:type\" content=\"image\/png\" \/>\n<meta name=\"author\" content=\"root\" \/>\n<meta name=\"twitter:card\" content=\"summary_large_image\" \/>\n<meta name=\"twitter:label1\" content=\"\u00c9crit par\" \/>\n\t<meta name=\"twitter:data1\" content=\"root\" \/>\n\t<meta name=\"twitter:label2\" content=\"Dur\u00e9e de lecture estim\u00e9e\" \/>\n\t<meta name=\"twitter:data2\" content=\"1 minute\" \/>\n<script type=\"application\/ld+json\" class=\"yoast-schema-graph\">{\"@context\":\"https:\/\/schema.org\",\"@graph\":[{\"@type\":\"Article\",\"@id\":\"https:\/\/infoans.demoboscosoft.com\/fr\/portugal-the-opening-of-the-salesians-new-building-in-lisbon\/#article\",\"isPartOf\":{\"@id\":\"https:\/\/infoans.demoboscosoft.com\/fr\/portugal-the-opening-of-the-salesians-new-building-in-lisbon\/\"},\"author\":{\"name\":\"root\",\"@id\":\"https:\/\/infoans.demoboscosoft.com\/fr\/#\/schema\/person\/ab88318d0212baf9f68ffd9f1d679c04\"},\"headline\":\"Portugal \u2013 The opening of the Salesians\u2019 new building in Lisbon\",\"datePublished\":\"2026-04-01T07:16:22+00:00\",\"dateModified\":\"2026-04-01T08:38:41+00:00\",\"mainEntityOfPage\":{\"@id\":\"https:\/\/infoans.demoboscosoft.com\/fr\/portugal-the-opening-of-the-salesians-new-building-in-lisbon\/\"},\"wordCount\":95,\"commentCount\":0,\"image\":{\"@id\":\"https:\/\/infoans.demoboscosoft.com\/fr\/portugal-the-opening-of-the-salesians-new-building-in-lisbon\/#primaryimage\"},\"thumbnailUrl\":\"https:\/\/infoans.demoboscosoft.com\/wp-content\/uploads\/2026\/04\/Pasted-image-15-1.png\",\"articleSection\":[\"Photo Chronicle\"],\"inLanguage\":\"fr-FR\",\"potentialAction\":[{\"@type\":\"CommentAction\",\"name\":\"Comment\",\"target\":[\"https:\/\/infoans.demoboscosoft.com\/fr\/portugal-the-opening-of-the-salesians-new-building-in-lisbon\/#respond\"]}]},{\"@type\":\"WebPage\",\"@id\":\"https:\/\/infoans.demoboscosoft.com\/fr\/portugal-the-opening-of-the-salesians-new-building-in-lisbon\/\",\"url\":\"https:\/\/infoans.demoboscosoft.com\/fr\/portugal-the-opening-of-the-salesians-new-building-in-lisbon\/\",\"name\":\"Portugal \u2013 The opening of the Salesians\u2019 new building in Lisbon - ANS - Agenzia iNfo Salesiana\",\"isPartOf\":{\"@id\":\"https:\/\/infoans.demoboscosoft.com\/fr\/#website\"},\"primaryImageOfPage\":{\"@id\":\"https:\/\/infoans.demoboscosoft.com\/fr\/portugal-the-opening-of-the-salesians-new-building-in-lisbon\/#primaryimage\"},\"image\":{\"@id\":\"https:\/\/infoans.demoboscosoft.com\/fr\/portugal-the-opening-of-the-salesians-new-building-in-lisbon\/#primaryimage\"},\"thumbnailUrl\":\"https:\/\/infoans.demoboscosoft.com\/wp-content\/uploads\/2026\/04\/Pasted-image-15-1.png\",\"datePublished\":\"2026-04-01T07:16:22+00:00\",\"dateModified\":\"2026-04-01T08:38:41+00:00\",\"author\":{\"@id\":\"https:\/\/infoans.demoboscosoft.com\/fr\/#\/schema\/person\/ab88318d0212baf9f68ffd9f1d679c04\"},\"breadcrumb\":{\"@id\":\"https:\/\/infoans.demoboscosoft.com\/fr\/portugal-the-opening-of-the-salesians-new-building-in-lisbon\/#breadcrumb\"},\"inLanguage\":\"fr-FR\",\"potentialAction\":[{\"@type\":\"ReadAction\",\"target\":[\"https:\/\/infoans.demoboscosoft.com\/fr\/portugal-the-opening-of-the-salesians-new-building-in-lisbon\/\"]}]},{\"@type\":\"ImageObject\",\"inLanguage\":\"fr-FR\",\"@id\":\"https:\/\/infoans.demoboscosoft.com\/fr\/portugal-the-opening-of-the-salesians-new-building-in-lisbon\/#primaryimage\",\"url\":\"https:\/\/infoans.demoboscosoft.com\/wp-content\/uploads\/2026\/04\/Pasted-image-15-1.png\",\"contentUrl\":\"https:\/\/infoans.demoboscosoft.com\/wp-content\/uploads\/2026\/04\/Pasted-image-15-1.png\",\"width\":1140,\"height\":597},{\"@type\":\"BreadcrumbList\",\"@id\":\"https:\/\/infoans.demoboscosoft.com\/fr\/portugal-the-opening-of-the-salesians-new-building-in-lisbon\/#breadcrumb\",\"itemListElement\":[{\"@type\":\"ListItem\",\"position\":1,\"name\":\"Home\",\"item\":\"https:\/\/infoans.demoboscosoft.com\/fr\/\"},{\"@type\":\"ListItem\",\"position\":2,\"name\":\"Portugal \u2013 The opening of the Salesians\u2019 new building in Lisbon\"}]},{\"@type\":\"WebSite\",\"@id\":\"https:\/\/infoans.demoboscosoft.com\/fr\/#website\",\"url\":\"https:\/\/infoans.demoboscosoft.com\/fr\/\",\"name\":\"ANS - Agenzia iNfo Salesiana\",\"description\":\"\",\"potentialAction\":[{\"@type\":\"SearchAction\",\"target\":{\"@type\":\"EntryPoint\",\"urlTemplate\":\"https:\/\/infoans.demoboscosoft.com\/fr\/?s={search_term_string}\"},\"query-input\":{\"@type\":\"PropertyValueSpecification\",\"valueRequired\":true,\"valueName\":\"search_term_string\"}}],\"inLanguage\":\"fr-FR\"},{\"@type\":\"Person\",\"@id\":\"https:\/\/infoans.demoboscosoft.com\/fr\/#\/schema\/person\/ab88318d0212baf9f68ffd9f1d679c04\",\"name\":\"root\",\"image\":{\"@type\":\"ImageObject\",\"inLanguage\":\"fr-FR\",\"@id\":\"https:\/\/infoans.demoboscosoft.com\/fr\/#\/schema\/person\/image\/\",\"url\":\"https:\/\/secure.gravatar.com\/avatar\/8df31f9371321641284d378aeb586d5fc658f6ef976788c88ebe945f176d8c65?s=96&d=mm&r=g\",\"contentUrl\":\"https:\/\/secure.gravatar.com\/avatar\/8df31f9371321641284d378aeb586d5fc658f6ef976788c88ebe945f176d8c65?s=96&d=mm&r=g\",\"caption\":\"root\"},\"sameAs\":[\"https:\/\/infoans.demoboscosoft.com\"],\"url\":\"https:\/\/infoans.demoboscosoft.com\/fr\/author\/root\/\"}]}<\/script>\n<!-- \/ Yoast SEO plugin. -->","yoast_head_json":{"title":"Portugal \u2013 The opening of the Salesians\u2019 new building in Lisbon - ANS - Agenzia iNfo Salesiana","robots":{"index":"index","follow":"follow","max-snippet":"max-snippet:-1","max-image-preview":"max-image-preview:large","max-video-preview":"max-video-preview:-1"},"canonical":"https:\/\/infoans.demoboscosoft.com\/fr\/portugal-the-opening-of-the-salesians-new-building-in-lisbon\/","og_locale":"fr_FR","og_type":"article","og_title":"Portugal \u2013 The opening of the Salesians\u2019 new building in Lisbon - ANS - Agenzia iNfo Salesiana","og_description":"Lisbon, Portugal \u2013 1906 \u2013 The Salesians\u2019 new building in Lisbon, built in the Italian style, was opened on 19 [&hellip;]","og_url":"https:\/\/infoans.demoboscosoft.com\/fr\/portugal-the-opening-of-the-salesians-new-building-in-lisbon\/","og_site_name":"ANS - Agenzia iNfo Salesiana","article_published_time":"2026-04-01T07:16:22+00:00","article_modified_time":"2026-04-01T08:38:41+00:00","og_image":[{"width":1140,"height":597,"url":"https:\/\/infoans.demoboscosoft.com\/wp-content\/uploads\/2026\/04\/Pasted-image-15-1.png","type":"image\/png"}],"author":"root","twitter_card":"summary_large_image","twitter_misc":{"\u00c9crit par":"root","Dur\u00e9e de lecture estim\u00e9e":"1 minute"},"schema":{"@context":"https:\/\/schema.org","@graph":[{"@type":"Article","@id":"https:\/\/infoans.demoboscosoft.com\/fr\/portugal-the-opening-of-the-salesians-new-building-in-lisbon\/#article","isPartOf":{"@id":"https:\/\/infoans.demoboscosoft.com\/fr\/portugal-the-opening-of-the-salesians-new-building-in-lisbon\/"},"author":{"name":"root","@id":"https:\/\/infoans.demoboscosoft.com\/fr\/#\/schema\/person\/ab88318d0212baf9f68ffd9f1d679c04"},"headline":"Portugal \u2013 The opening of the Salesians\u2019 new building in Lisbon","datePublished":"2026-04-01T07:16:22+00:00","dateModified":"2026-04-01T08:38:41+00:00","mainEntityOfPage":{"@id":"https:\/\/infoans.demoboscosoft.com\/fr\/portugal-the-opening-of-the-salesians-new-building-in-lisbon\/"},"wordCount":95,"commentCount":0,"image":{"@id":"https:\/\/infoans.demoboscosoft.com\/fr\/portugal-the-opening-of-the-salesians-new-building-in-lisbon\/#primaryimage"},"thumbnailUrl":"https:\/\/infoans.demoboscosoft.com\/wp-content\/uploads\/2026\/04\/Pasted-image-15-1.png","articleSection":["Photo Chronicle"],"inLanguage":"fr-FR","potentialAction":[{"@type":"CommentAction","name":"Comment","target":["https:\/\/infoans.demoboscosoft.com\/fr\/portugal-the-opening-of-the-salesians-new-building-in-lisbon\/#respond"]}]},{"@type":"WebPage","@id":"https:\/\/infoans.demoboscosoft.com\/fr\/portugal-the-opening-of-the-salesians-new-building-in-lisbon\/","url":"https:\/\/infoans.demoboscosoft.com\/fr\/portugal-the-opening-of-the-salesians-new-building-in-lisbon\/","name":"Portugal \u2013 The opening of the Salesians\u2019 new building in Lisbon - ANS - Agenzia iNfo Salesiana","isPartOf":{"@id":"https:\/\/infoans.demoboscosoft.com\/fr\/#website"},"primaryImageOfPage":{"@id":"https:\/\/infoans.demoboscosoft.com\/fr\/portugal-the-opening-of-the-salesians-new-building-in-lisbon\/#primaryimage"},"image":{"@id":"https:\/\/infoans.demoboscosoft.com\/fr\/portugal-the-opening-of-the-salesians-new-building-in-lisbon\/#primaryimage"},"thumbnailUrl":"https:\/\/infoans.demoboscosoft.com\/wp-content\/uploads\/2026\/04\/Pasted-image-15-1.png","datePublished":"2026-04-01T07:16:22+00:00","dateModified":"2026-04-01T08:38:41+00:00","author":{"@id":"https:\/\/infoans.demoboscosoft.com\/fr\/#\/schema\/person\/ab88318d0212baf9f68ffd9f1d679c04"},"breadcrumb":{"@id":"https:\/\/infoans.demoboscosoft.com\/fr\/portugal-the-opening-of-the-salesians-new-building-in-lisbon\/#breadcrumb"},"inLanguage":"fr-FR","potentialAction":[{"@type":"ReadAction","target":["https:\/\/infoans.demoboscosoft.com\/fr\/portugal-the-opening-of-the-salesians-new-building-in-lisbon\/"]}]},{"@type":"ImageObject","inLanguage":"fr-FR","@id":"https:\/\/infoans.demoboscosoft.com\/fr\/portugal-the-opening-of-the-salesians-new-building-in-lisbon\/#primaryimage","url":"https:\/\/infoans.demoboscosoft.com\/wp-content\/uploads\/2026\/04\/Pasted-image-15-1.png","contentUrl":"https:\/\/infoans.demoboscosoft.com\/wp-content\/uploads\/2026\/04\/Pasted-image-15-1.png","width":1140,"height":597},{"@type":"BreadcrumbList","@id":"https:\/\/infoans.demoboscosoft.com\/fr\/portugal-the-opening-of-the-salesians-new-building-in-lisbon\/#breadcrumb","itemListElement":[{"@type":"ListItem","position":1,"name":"Home","item":"https:\/\/infoans.demoboscosoft.com\/fr\/"},{"@type":"ListItem","position":2,"name":"Portugal \u2013 The opening of the Salesians\u2019 new building in Lisbon"}]},{"@type":"WebSite","@id":"https:\/\/infoans.demoboscosoft.com\/fr\/#website","url":"https:\/\/infoans.demoboscosoft.com\/fr\/","name":"ANS - Agenzia iNfo Salesiana","description":"","potentialAction":[{"@type":"SearchAction","target":{"@type":"EntryPoint","urlTemplate":"https:\/\/infoans.demoboscosoft.com\/fr\/?s={search_term_string}"},"query-input":{"@type":"PropertyValueSpecification","valueRequired":true,"valueName":"search_term_string"}}],"inLanguage":"fr-FR"},{"@type":"Person","@id":"https:\/\/infoans.demoboscosoft.com\/fr\/#\/schema\/person\/ab88318d0212baf9f68ffd9f1d679c04","name":"root","image":{"@type":"ImageObject","inLanguage":"fr-FR","@id":"https:\/\/infoans.demoboscosoft.com\/fr\/#\/schema\/person\/image\/","url":"https:\/\/secure.gravatar.com\/avatar\/8df31f9371321641284d378aeb586d5fc658f6ef976788c88ebe945f176d8c65?s=96&d=mm&r=g","contentUrl":"https:\/\/secure.gravatar.com\/avatar\/8df31f9371321641284d378aeb586d5fc658f6ef976788c88ebe945f176d8c65?s=96&d=mm&r=g","caption":"root"},"sameAs":["https:\/\/infoans.demoboscosoft.com"],"url":"https:\/\/infoans.demoboscosoft.com\/fr\/author\/root\/"}]}},"_links":{"self":[{"href":"https:\/\/infoans.demoboscosoft.com\/fr\/wp-json\/wp\/v2\/posts\/4846","targetHints":{"allow":["GET"]}}],"collection":[{"href":"https:\/\/infoans.demoboscosoft.com\/fr\/wp-json\/wp\/v2\/posts"}],"about":[{"href":"https:\/\/infoans.demoboscosoft.com\/fr\/wp-json\/wp\/v2\/types\/post"}],"author":[{"embeddable":true,"href":"https:\/\/infoans.demoboscosoft.com\/fr\/wp-json\/wp\/v2\/users\/1"}],"replies":[{"embeddable":true,"href":"https:\/\/infoans.demoboscosoft.com\/fr\/wp-json\/wp\/v2\/comments?post=4846"}],"version-history":[{"count":4,"href":"https:\/\/infoans.demoboscosoft.com\/fr\/wp-json\/wp\/v2\/posts\/4846\/revisions"}],"predecessor-version":[{"id":4870,"href":"https:\/\/infoans.demoboscosoft.com\/fr\/wp-json\/wp\/v2\/posts\/4846\/revisions\/4870"}],"wp:featuredmedia":[{"embeddable":true,"href":"https:\/\/infoans.demoboscosoft.com\/fr\/wp-json\/wp\/v2\/media\/4896"}],"wp:attachment":[{"href":"https:\/\/infoans.demoboscosoft.com\/fr\/wp-json\/wp\/v2\/media?parent=4846"}],"wp:term":[{"taxonomy":"category","embeddable":true,"href":"https:\/\/infoans.demoboscosoft.com\/fr\/wp-json\/wp\/v2\/categories?post=4846"},{"taxonomy":"post_tag","embeddable":true,"href":"https:\/\/infoans.demoboscosoft.com\/fr\/wp-json\/wp\/v2\/tags?post=4846"}],"curies":[{"name":"wp","href":"https:\/\/api.w.org\/{rel}","templated":true}]}}