{"id":4840,"date":"2026-04-01T07:13:01","date_gmt":"2026-04-01T07:13:01","guid":{"rendered":"https:\/\/infoans.demoboscosoft.com\/?p=4840"},"modified":"2026-04-13T10:42:09","modified_gmt":"2026-04-13T10:42:09","slug":"spain-a-celebration-in-honor-of-mary-help-of-christians-in-el-bonal","status":"publish","type":"post","link":"https:\/\/infoans.demoboscosoft.com\/pl\/spain-a-celebration-in-honor-of-mary-help-of-christians-in-el-bonal\/","title":{"rendered":"Spain \u2013 A Celebration in Honor of Mary Help of Christians in El Bonal"},"content":{"rendered":"\t\t<div data-elementor-type=\"wp-post\" data-elementor-id=\"4840\" class=\"elementor elementor-4840\" data-elementor-post-type=\"post\">\n\t\t\t\t<div class=\"elementor-element elementor-element-8f7ac86 e-flex e-con-boxed e-con e-parent\" data-id=\"8f7ac86\" data-element_type=\"container\" data-e-type=\"container\">\n\t\t\t\t\t<div class=\"e-con-inner\">\n\t\t\t\t<div class=\"elementor-element elementor-element-bc92705 elementor-widget elementor-widget-text-editor\" data-id=\"bc92705\" data-element_type=\"widget\" data-e-type=\"widget\" data-widget_type=\"text-editor.default\">\n\t\t\t\t\t\t\t\t\t<p data-start=\"74\" data-end=\"528\">Puertollano, Spain \u2013 1960s \u2013 This photograph, preserved in the archives of the Salesians of Puertollano, shows a celebration in honor of Mary Help of Christians. It was presumably taken in May during the 1960s, at the estate known as El Bonal, on the outskirts of Puertollano. During those years, this rural enclave hosted a Salesian seminary with the permission of the diocese, established thanks to the generosity of the estate\u2019s owner, Do\u00f1a Concepci\u00f3n Narv\u00e1ez Ulloa, Marchioness Dowager of \u00c1lava and Viscountess Dowager of Casa Blanca, who granted the use of the property for the Salesians\u2019 educational and vocational mission.<\/p>\t\t\t\t\t\t\t\t<\/div>\n\t\t\t\t<div class=\"elementor-element elementor-element-8a3f986 elementor-widget elementor-widget-heading\" data-id=\"8a3f986\" data-element_type=\"widget\" data-e-type=\"widget\" data-widget_type=\"heading.default\">\n\t\t\t\t\t<h2 class=\"elementor-heading-title elementor-size-default\">The Procession and the Monument<\/h2>\t\t\t\t<\/div>\n\t\t\t\t<div class=\"elementor-element elementor-element-41330e0 elementor-widget elementor-widget-text-editor\" data-id=\"41330e0\" data-element_type=\"widget\" data-e-type=\"widget\" data-widget_type=\"text-editor.default\">\n\t\t\t\t\t\t\t\t\t<p data-start=\"74\" data-end=\"528\">The scene captured in the photograph likely portrays the procession in honor of Mary Help of Christians, in which young aspirants took part together with the Salesian community. In the background, one can clearly recognize the distinctive monument to Mary Help of Christians, created by the Salesian sculptor Fr. Enrique Herencia. El Bonal marked the lives of generations of young people until the Salesians left the estate in the 1970s. However, the monument has remained standing, preserved through the respect and care of the local population, becoming a silent testimony to the Salesians\u2019 presence in that place.<\/p>\t\t\t\t\t\t\t\t<\/div>\n\t\t\t\t\t<\/div>\n\t\t\t\t<\/div>\n\t\t\t\t<\/div>\n\t\t","protected":false},"excerpt":{"rendered":"<p>Puertollano, Spain \u2013 1960s \u2013 This photograph, preserved in the archives of the Salesians of Puertollano, shows a celebration in [&hellip;]<\/p>\n","protected":false},"author":1,"featured_media":6425,"comment_status":"open","ping_status":"open","sticky":false,"template":"","format":"standard","meta":{"_angie_page":false,"site-sidebar-layout":"default","site-content-layout":"","ast-site-content-layout":"default","site-content-style":"default","site-sidebar-style":"default","ast-global-header-display":"","ast-banner-title-visibility":"","ast-main-header-display":"","ast-hfb-above-header-display":"","ast-hfb-below-header-display":"","ast-hfb-mobile-header-display":"","site-post-title":"","ast-breadcrumbs-content":"","ast-featured-img":"","footer-sml-layout":"","ast-disable-related-posts":"","theme-transparent-header-meta":"","adv-header-id-meta":"","stick-header-meta":"","header-above-stick-meta":"","header-main-stick-meta":"","header-below-stick-meta":"","astra-migrate-meta-layouts":"default","ast-page-background-enabled":"default","ast-page-background-meta":{"desktop":{"background-color":"var(--ast-global-color-5)","background-image":"","background-repeat":"repeat","background-position":"center center","background-size":"auto","background-attachment":"scroll","background-type":"","background-media":"","overlay-type":"","overlay-color":"","overlay-opacity":"","overlay-gradient":""},"tablet":{"background-color":"","background-image":"","background-repeat":"repeat","background-position":"center center","background-size":"auto","background-attachment":"scroll","background-type":"","background-media":"","overlay-type":"","overlay-color":"","overlay-opacity":"","overlay-gradient":""},"mobile":{"background-color":"","background-image":"","background-repeat":"repeat","background-position":"center center","background-size":"auto","background-attachment":"scroll","background-type":"","background-media":"","overlay-type":"","overlay-color":"","overlay-opacity":"","overlay-gradient":""}},"ast-content-background-meta":{"desktop":{"background-color":"var(--ast-global-color-4)","background-image":"","background-repeat":"repeat","background-position":"center center","background-size":"auto","background-attachment":"scroll","background-type":"","background-media":"","overlay-type":"","overlay-color":"","overlay-opacity":"","overlay-gradient":""},"tablet":{"background-color":"var(--ast-global-color-4)","background-image":"","background-repeat":"repeat","background-position":"center center","background-size":"auto","background-attachment":"scroll","background-type":"","background-media":"","overlay-type":"","overlay-color":"","overlay-opacity":"","overlay-gradient":""},"mobile":{"background-color":"var(--ast-global-color-4)","background-image":"","background-repeat":"repeat","background-position":"center center","background-size":"auto","background-attachment":"scroll","background-type":"","background-media":"","overlay-type":"","overlay-color":"","overlay-opacity":"","overlay-gradient":""}},"page_builder":"","footnotes":""},"categories":[67],"tags":[],"class_list":["post-4840","post","type-post","status-publish","format-standard","has-post-thumbnail","hentry","category-photo-chronicle"],"yoast_head":"<!-- This site is optimized with the Yoast SEO plugin v27.1.1 - https:\/\/yoast.com\/product\/yoast-seo-wordpress\/ -->\n<title>Spain \u2013 A Celebration in Honor of Mary Help of Christians in El Bonal - ANS - Agenzia iNfo Salesiana<\/title>\n<meta name=\"robots\" content=\"index, follow, max-snippet:-1, max-image-preview:large, max-video-preview:-1\" \/>\n<link rel=\"canonical\" href=\"https:\/\/infoans.demoboscosoft.com\/pl\/spain-a-celebration-in-honor-of-mary-help-of-christians-in-el-bonal\/\" \/>\n<meta property=\"og:locale\" content=\"pl_PL\" \/>\n<meta property=\"og:type\" content=\"article\" \/>\n<meta property=\"og:title\" content=\"Spain \u2013 A Celebration in Honor of Mary Help of Christians in El Bonal - ANS - Agenzia iNfo Salesiana\" \/>\n<meta property=\"og:description\" content=\"Puertollano, Spain \u2013 1960s \u2013 This photograph, preserved in the archives of the Salesians of Puertollano, shows a celebration in [&hellip;]\" \/>\n<meta property=\"og:url\" content=\"https:\/\/infoans.demoboscosoft.com\/pl\/spain-a-celebration-in-honor-of-mary-help-of-christians-in-el-bonal\/\" \/>\n<meta property=\"og:site_name\" content=\"ANS - Agenzia iNfo Salesiana\" \/>\n<meta property=\"article:published_time\" content=\"2026-04-01T07:13:01+00:00\" \/>\n<meta property=\"article:modified_time\" content=\"2026-04-13T10:42:09+00:00\" \/>\n<meta property=\"og:image\" content=\"https:\/\/infoans.demoboscosoft.com\/wp-content\/uploads\/2026\/04\/historyphoto.jpg\" \/>\n\t<meta property=\"og:image:width\" content=\"1024\" \/>\n\t<meta property=\"og:image:height\" content=\"768\" \/>\n\t<meta property=\"og:image:type\" content=\"image\/jpeg\" \/>\n<meta name=\"author\" content=\"root\" \/>\n<meta name=\"twitter:card\" content=\"summary_large_image\" \/>\n<meta name=\"twitter:label1\" content=\"Napisane przez\" \/>\n\t<meta name=\"twitter:data1\" content=\"root\" \/>\n\t<meta name=\"twitter:label2\" content=\"Szacowany czas czytania\" \/>\n\t<meta name=\"twitter:data2\" content=\"2 minuty\" \/>\n<script type=\"application\/ld+json\" class=\"yoast-schema-graph\">{\"@context\":\"https:\/\/schema.org\",\"@graph\":[{\"@type\":\"Article\",\"@id\":\"https:\/\/infoans.demoboscosoft.com\/pl\/spain-a-celebration-in-honor-of-mary-help-of-christians-in-el-bonal\/#article\",\"isPartOf\":{\"@id\":\"https:\/\/infoans.demoboscosoft.com\/pl\/spain-a-celebration-in-honor-of-mary-help-of-christians-in-el-bonal\/\"},\"author\":{\"name\":\"root\",\"@id\":\"https:\/\/infoans.demoboscosoft.com\/pl\/#\/schema\/person\/ab88318d0212baf9f68ffd9f1d679c04\"},\"headline\":\"Spain \u2013 A Celebration in Honor of Mary Help of Christians in El Bonal\",\"datePublished\":\"2026-04-01T07:13:01+00:00\",\"dateModified\":\"2026-04-13T10:42:09+00:00\",\"mainEntityOfPage\":{\"@id\":\"https:\/\/infoans.demoboscosoft.com\/pl\/spain-a-celebration-in-honor-of-mary-help-of-christians-in-el-bonal\/\"},\"wordCount\":217,\"commentCount\":0,\"image\":{\"@id\":\"https:\/\/infoans.demoboscosoft.com\/pl\/spain-a-celebration-in-honor-of-mary-help-of-christians-in-el-bonal\/#primaryimage\"},\"thumbnailUrl\":\"https:\/\/infoans.demoboscosoft.com\/wp-content\/uploads\/2026\/04\/historyphoto.jpg\",\"articleSection\":[\"Photo Chronicle\"],\"inLanguage\":\"pl-PL\",\"potentialAction\":[{\"@type\":\"CommentAction\",\"name\":\"Comment\",\"target\":[\"https:\/\/infoans.demoboscosoft.com\/pl\/spain-a-celebration-in-honor-of-mary-help-of-christians-in-el-bonal\/#respond\"]}]},{\"@type\":\"WebPage\",\"@id\":\"https:\/\/infoans.demoboscosoft.com\/pl\/spain-a-celebration-in-honor-of-mary-help-of-christians-in-el-bonal\/\",\"url\":\"https:\/\/infoans.demoboscosoft.com\/pl\/spain-a-celebration-in-honor-of-mary-help-of-christians-in-el-bonal\/\",\"name\":\"Spain \u2013 A Celebration in Honor of Mary Help of Christians in El Bonal - ANS - Agenzia iNfo Salesiana\",\"isPartOf\":{\"@id\":\"https:\/\/infoans.demoboscosoft.com\/pl\/#website\"},\"primaryImageOfPage\":{\"@id\":\"https:\/\/infoans.demoboscosoft.com\/pl\/spain-a-celebration-in-honor-of-mary-help-of-christians-in-el-bonal\/#primaryimage\"},\"image\":{\"@id\":\"https:\/\/infoans.demoboscosoft.com\/pl\/spain-a-celebration-in-honor-of-mary-help-of-christians-in-el-bonal\/#primaryimage\"},\"thumbnailUrl\":\"https:\/\/infoans.demoboscosoft.com\/wp-content\/uploads\/2026\/04\/historyphoto.jpg\",\"datePublished\":\"2026-04-01T07:13:01+00:00\",\"dateModified\":\"2026-04-13T10:42:09+00:00\",\"author\":{\"@id\":\"https:\/\/infoans.demoboscosoft.com\/pl\/#\/schema\/person\/ab88318d0212baf9f68ffd9f1d679c04\"},\"breadcrumb\":{\"@id\":\"https:\/\/infoans.demoboscosoft.com\/pl\/spain-a-celebration-in-honor-of-mary-help-of-christians-in-el-bonal\/#breadcrumb\"},\"inLanguage\":\"pl-PL\",\"potentialAction\":[{\"@type\":\"ReadAction\",\"target\":[\"https:\/\/infoans.demoboscosoft.com\/pl\/spain-a-celebration-in-honor-of-mary-help-of-christians-in-el-bonal\/\"]}]},{\"@type\":\"ImageObject\",\"inLanguage\":\"pl-PL\",\"@id\":\"https:\/\/infoans.demoboscosoft.com\/pl\/spain-a-celebration-in-honor-of-mary-help-of-christians-in-el-bonal\/#primaryimage\",\"url\":\"https:\/\/infoans.demoboscosoft.com\/wp-content\/uploads\/2026\/04\/historyphoto.jpg\",\"contentUrl\":\"https:\/\/infoans.demoboscosoft.com\/wp-content\/uploads\/2026\/04\/historyphoto.jpg\",\"width\":1024,\"height\":768},{\"@type\":\"BreadcrumbList\",\"@id\":\"https:\/\/infoans.demoboscosoft.com\/pl\/spain-a-celebration-in-honor-of-mary-help-of-christians-in-el-bonal\/#breadcrumb\",\"itemListElement\":[{\"@type\":\"ListItem\",\"position\":1,\"name\":\"Home\",\"item\":\"https:\/\/infoans.demoboscosoft.com\/pl\/\"},{\"@type\":\"ListItem\",\"position\":2,\"name\":\"Spain \u2013 A Celebration in Honor of Mary Help of Christians in El Bonal\"}]},{\"@type\":\"WebSite\",\"@id\":\"https:\/\/infoans.demoboscosoft.com\/pl\/#website\",\"url\":\"https:\/\/infoans.demoboscosoft.com\/pl\/\",\"name\":\"ANS - Agenzia iNfo Salesiana\",\"description\":\"\",\"potentialAction\":[{\"@type\":\"SearchAction\",\"target\":{\"@type\":\"EntryPoint\",\"urlTemplate\":\"https:\/\/infoans.demoboscosoft.com\/pl\/?s={search_term_string}\"},\"query-input\":{\"@type\":\"PropertyValueSpecification\",\"valueRequired\":true,\"valueName\":\"search_term_string\"}}],\"inLanguage\":\"pl-PL\"},{\"@type\":\"Person\",\"@id\":\"https:\/\/infoans.demoboscosoft.com\/pl\/#\/schema\/person\/ab88318d0212baf9f68ffd9f1d679c04\",\"name\":\"root\",\"image\":{\"@type\":\"ImageObject\",\"inLanguage\":\"pl-PL\",\"@id\":\"https:\/\/infoans.demoboscosoft.com\/pl\/#\/schema\/person\/image\/\",\"url\":\"https:\/\/secure.gravatar.com\/avatar\/8df31f9371321641284d378aeb586d5fc658f6ef976788c88ebe945f176d8c65?s=96&d=mm&r=g\",\"contentUrl\":\"https:\/\/secure.gravatar.com\/avatar\/8df31f9371321641284d378aeb586d5fc658f6ef976788c88ebe945f176d8c65?s=96&d=mm&r=g\",\"caption\":\"root\"},\"sameAs\":[\"https:\/\/infoans.demoboscosoft.com\"],\"url\":\"https:\/\/infoans.demoboscosoft.com\/pl\/author\/root\/\"}]}<\/script>\n<!-- \/ Yoast SEO plugin. -->","yoast_head_json":{"title":"Spain \u2013 A Celebration in Honor of Mary Help of Christians in El Bonal - ANS - Agenzia iNfo Salesiana","robots":{"index":"index","follow":"follow","max-snippet":"max-snippet:-1","max-image-preview":"max-image-preview:large","max-video-preview":"max-video-preview:-1"},"canonical":"https:\/\/infoans.demoboscosoft.com\/pl\/spain-a-celebration-in-honor-of-mary-help-of-christians-in-el-bonal\/","og_locale":"pl_PL","og_type":"article","og_title":"Spain \u2013 A Celebration in Honor of Mary Help of Christians in El Bonal - ANS - Agenzia iNfo Salesiana","og_description":"Puertollano, Spain \u2013 1960s \u2013 This photograph, preserved in the archives of the Salesians of Puertollano, shows a celebration in [&hellip;]","og_url":"https:\/\/infoans.demoboscosoft.com\/pl\/spain-a-celebration-in-honor-of-mary-help-of-christians-in-el-bonal\/","og_site_name":"ANS - Agenzia iNfo Salesiana","article_published_time":"2026-04-01T07:13:01+00:00","article_modified_time":"2026-04-13T10:42:09+00:00","og_image":[{"width":1024,"height":768,"url":"https:\/\/infoans.demoboscosoft.com\/wp-content\/uploads\/2026\/04\/historyphoto.jpg","type":"image\/jpeg"}],"author":"root","twitter_card":"summary_large_image","twitter_misc":{"Napisane przez":"root","Szacowany czas czytania":"2 minuty"},"schema":{"@context":"https:\/\/schema.org","@graph":[{"@type":"Article","@id":"https:\/\/infoans.demoboscosoft.com\/pl\/spain-a-celebration-in-honor-of-mary-help-of-christians-in-el-bonal\/#article","isPartOf":{"@id":"https:\/\/infoans.demoboscosoft.com\/pl\/spain-a-celebration-in-honor-of-mary-help-of-christians-in-el-bonal\/"},"author":{"name":"root","@id":"https:\/\/infoans.demoboscosoft.com\/pl\/#\/schema\/person\/ab88318d0212baf9f68ffd9f1d679c04"},"headline":"Spain \u2013 A Celebration in Honor of Mary Help of Christians in El Bonal","datePublished":"2026-04-01T07:13:01+00:00","dateModified":"2026-04-13T10:42:09+00:00","mainEntityOfPage":{"@id":"https:\/\/infoans.demoboscosoft.com\/pl\/spain-a-celebration-in-honor-of-mary-help-of-christians-in-el-bonal\/"},"wordCount":217,"commentCount":0,"image":{"@id":"https:\/\/infoans.demoboscosoft.com\/pl\/spain-a-celebration-in-honor-of-mary-help-of-christians-in-el-bonal\/#primaryimage"},"thumbnailUrl":"https:\/\/infoans.demoboscosoft.com\/wp-content\/uploads\/2026\/04\/historyphoto.jpg","articleSection":["Photo Chronicle"],"inLanguage":"pl-PL","potentialAction":[{"@type":"CommentAction","name":"Comment","target":["https:\/\/infoans.demoboscosoft.com\/pl\/spain-a-celebration-in-honor-of-mary-help-of-christians-in-el-bonal\/#respond"]}]},{"@type":"WebPage","@id":"https:\/\/infoans.demoboscosoft.com\/pl\/spain-a-celebration-in-honor-of-mary-help-of-christians-in-el-bonal\/","url":"https:\/\/infoans.demoboscosoft.com\/pl\/spain-a-celebration-in-honor-of-mary-help-of-christians-in-el-bonal\/","name":"Spain \u2013 A Celebration in Honor of Mary Help of Christians in El Bonal - ANS - Agenzia iNfo Salesiana","isPartOf":{"@id":"https:\/\/infoans.demoboscosoft.com\/pl\/#website"},"primaryImageOfPage":{"@id":"https:\/\/infoans.demoboscosoft.com\/pl\/spain-a-celebration-in-honor-of-mary-help-of-christians-in-el-bonal\/#primaryimage"},"image":{"@id":"https:\/\/infoans.demoboscosoft.com\/pl\/spain-a-celebration-in-honor-of-mary-help-of-christians-in-el-bonal\/#primaryimage"},"thumbnailUrl":"https:\/\/infoans.demoboscosoft.com\/wp-content\/uploads\/2026\/04\/historyphoto.jpg","datePublished":"2026-04-01T07:13:01+00:00","dateModified":"2026-04-13T10:42:09+00:00","author":{"@id":"https:\/\/infoans.demoboscosoft.com\/pl\/#\/schema\/person\/ab88318d0212baf9f68ffd9f1d679c04"},"breadcrumb":{"@id":"https:\/\/infoans.demoboscosoft.com\/pl\/spain-a-celebration-in-honor-of-mary-help-of-christians-in-el-bonal\/#breadcrumb"},"inLanguage":"pl-PL","potentialAction":[{"@type":"ReadAction","target":["https:\/\/infoans.demoboscosoft.com\/pl\/spain-a-celebration-in-honor-of-mary-help-of-christians-in-el-bonal\/"]}]},{"@type":"ImageObject","inLanguage":"pl-PL","@id":"https:\/\/infoans.demoboscosoft.com\/pl\/spain-a-celebration-in-honor-of-mary-help-of-christians-in-el-bonal\/#primaryimage","url":"https:\/\/infoans.demoboscosoft.com\/wp-content\/uploads\/2026\/04\/historyphoto.jpg","contentUrl":"https:\/\/infoans.demoboscosoft.com\/wp-content\/uploads\/2026\/04\/historyphoto.jpg","width":1024,"height":768},{"@type":"BreadcrumbList","@id":"https:\/\/infoans.demoboscosoft.com\/pl\/spain-a-celebration-in-honor-of-mary-help-of-christians-in-el-bonal\/#breadcrumb","itemListElement":[{"@type":"ListItem","position":1,"name":"Home","item":"https:\/\/infoans.demoboscosoft.com\/pl\/"},{"@type":"ListItem","position":2,"name":"Spain \u2013 A Celebration in Honor of Mary Help of Christians in El Bonal"}]},{"@type":"WebSite","@id":"https:\/\/infoans.demoboscosoft.com\/pl\/#website","url":"https:\/\/infoans.demoboscosoft.com\/pl\/","name":"ANS - Agenzia iNfo Salesiana","description":"","potentialAction":[{"@type":"SearchAction","target":{"@type":"EntryPoint","urlTemplate":"https:\/\/infoans.demoboscosoft.com\/pl\/?s={search_term_string}"},"query-input":{"@type":"PropertyValueSpecification","valueRequired":true,"valueName":"search_term_string"}}],"inLanguage":"pl-PL"},{"@type":"Person","@id":"https:\/\/infoans.demoboscosoft.com\/pl\/#\/schema\/person\/ab88318d0212baf9f68ffd9f1d679c04","name":"root","image":{"@type":"ImageObject","inLanguage":"pl-PL","@id":"https:\/\/infoans.demoboscosoft.com\/pl\/#\/schema\/person\/image\/","url":"https:\/\/secure.gravatar.com\/avatar\/8df31f9371321641284d378aeb586d5fc658f6ef976788c88ebe945f176d8c65?s=96&d=mm&r=g","contentUrl":"https:\/\/secure.gravatar.com\/avatar\/8df31f9371321641284d378aeb586d5fc658f6ef976788c88ebe945f176d8c65?s=96&d=mm&r=g","caption":"root"},"sameAs":["https:\/\/infoans.demoboscosoft.com"],"url":"https:\/\/infoans.demoboscosoft.com\/pl\/author\/root\/"}]}},"_links":{"self":[{"href":"https:\/\/infoans.demoboscosoft.com\/pl\/wp-json\/wp\/v2\/posts\/4840","targetHints":{"allow":["GET"]}}],"collection":[{"href":"https:\/\/infoans.demoboscosoft.com\/pl\/wp-json\/wp\/v2\/posts"}],"about":[{"href":"https:\/\/infoans.demoboscosoft.com\/pl\/wp-json\/wp\/v2\/types\/post"}],"author":[{"embeddable":true,"href":"https:\/\/infoans.demoboscosoft.com\/pl\/wp-json\/wp\/v2\/users\/1"}],"replies":[{"embeddable":true,"href":"https:\/\/infoans.demoboscosoft.com\/pl\/wp-json\/wp\/v2\/comments?post=4840"}],"version-history":[{"count":7,"href":"https:\/\/infoans.demoboscosoft.com\/pl\/wp-json\/wp\/v2\/posts\/4840\/revisions"}],"predecessor-version":[{"id":4975,"href":"https:\/\/infoans.demoboscosoft.com\/pl\/wp-json\/wp\/v2\/posts\/4840\/revisions\/4975"}],"wp:featuredmedia":[{"embeddable":true,"href":"https:\/\/infoans.demoboscosoft.com\/pl\/wp-json\/wp\/v2\/media\/6425"}],"wp:attachment":[{"href":"https:\/\/infoans.demoboscosoft.com\/pl\/wp-json\/wp\/v2\/media?parent=4840"}],"wp:term":[{"taxonomy":"category","embeddable":true,"href":"https:\/\/infoans.demoboscosoft.com\/pl\/wp-json\/wp\/v2\/categories?post=4840"},{"taxonomy":"post_tag","embeddable":true,"href":"https:\/\/infoans.demoboscosoft.com\/pl\/wp-json\/wp\/v2\/tags?post=4840"}],"curies":[{"name":"wp","href":"https:\/\/api.w.org\/{rel}","templated":true}]}}